{"id":973,"date":"2025-09-18T17:42:26","date_gmt":"2025-09-18T15:42:26","guid":{"rendered":"https:\/\/alicebreemcouty-coachdevie.com\/?p=973"},"modified":"2026-02-26T09:25:11","modified_gmt":"2026-02-26T08:25:11","slug":"surcharge-mentale","status":"publish","type":"post","link":"https:\/\/alicebreemcouty-coachdevie.com\/index.php\/2025\/09\/18\/surcharge-mentale\/","title":{"rendered":"Surcharge mentale, fatigue, pression\u00a0: et si le temps devenait notre alli\u00e9\u00a0?"},"content":{"rendered":"<div class=\"wp-block-image is-style-rounded\">\n<figure class=\"aligncenter size-full is-resized\"><img loading=\"lazy\" decoding=\"async\" width=\"640\" height=\"640\" src=\"https:\/\/alicebreemcouty-coachdevie.com\/wp-content\/uploads\/2024\/12\/transition-de-vie-coach-de-vie-bordeaux.jpg\" alt=\"charge mentale fatigue femme\" class=\"wp-image-644\" style=\"width:338px;height:auto\" srcset=\"https:\/\/alicebreemcouty-coachdevie.com\/wp-content\/uploads\/2024\/12\/transition-de-vie-coach-de-vie-bordeaux.jpg 640w, https:\/\/alicebreemcouty-coachdevie.com\/wp-content\/uploads\/2024\/12\/transition-de-vie-coach-de-vie-bordeaux-300x300.jpg 300w, https:\/\/alicebreemcouty-coachdevie.com\/wp-content\/uploads\/2024\/12\/transition-de-vie-coach-de-vie-bordeaux-150x150.jpg 150w\" sizes=\"auto, (max-width: 640px) 100vw, 640px\" \/><\/figure>\n<\/div>\n\n\n<hr class=\"wp-block-separator has-text-color has-white-color has-alpha-channel-opacity has-white-background-color has-background\"\/>\n\n\n\n<p class=\"has-small-font-size\">\ud83c\udf3f La vie n\u2019est pas un train \u00e0 rattraper.<br>Ce n\u2019est pas cette gare bond\u00e9e o\u00f9 tu cours, essouffl\u00e9e, de peur de manquer le bon quai.<br>Ce n\u2019est pas ces voix qui dictent des choix que tu n\u2019as pas faits.<br>Ni cette impression d\u2019\u00eatre toujours en retard.<\/p>\n\n\n\n<p class=\"has-small-font-size\">Et pourtant\u2026 c\u2019est souvent ainsi qu\u2019on la vit.<br>On court, partout. Sans r\u00e9fl\u00e9chir, on dit \u00ab oui \u00bb.<br>On remplit nos journ\u00e9es comme si c\u2019\u00e9tait un signe de r\u00e9ussite.<br>Pris dans le quotidien, en <strong>mode pilote automatique<\/strong>, on ne voit pas le temps filer.<\/p>\n\n\n\n<p class=\"has-small-font-size\">Ce sablier\u2026 ces grains qui tombent un \u00e0 un.<br>Comme ces minutes, ces jours, que nous ne revivrons pas.<\/p>\n\n\n\n<p class=\"has-small-font-size\">Mais la vie, elle, n\u2019attend pas.<br>Elle souffle dans tes cheveux.<br>La vie, elle est dans ces rires \u00e9touff\u00e9s, dans tes larmes, dans tes envies mises de c\u00f4t\u00e9.<br>Elle est partout, jusque dans ce rayon de soleil qui murmure :<br>\u2728 \u00ab Et si c\u2019\u00e9tait maintenant ? \u00bb<\/p>\n\n\n\n<p class=\"has-small-font-size\">Parce que oui, la vie, c\u2019est autre chose.<br>C\u2019est cette maison o\u00f9 tu entres sans frapper.<br>L\u00e0 o\u00f9 le temps s\u2019\u00e9tire.<br>O\u00f9 chaque pi\u00e8ce raconte ton histoire.<br>O\u00f9 ta respiration te ram\u00e8ne \u00e0 toi.<\/p>\n\n\n\n<p class=\"has-small-font-size\">Le temps n\u2019est pas ton ennemi.<br>Il est ton alli\u00e9.<br>Il t\u2019offre chaque jour une nouvelle chance de te choisir.<\/p>\n\n\n\n<hr class=\"wp-block-separator has-alpha-channel-opacity is-style-dots\"\/>\n\n\n\n<h2 class=\"wp-block-heading has-text-color has-link-color has-medium-font-size wp-elements-b2941efed5f235783400bd5305753390\" style=\"color:#bf9319\"><em>Le pilotage automatique : une prison invisible pour les femmes surmen\u00e9es<\/em><\/h2>\n\n\n\n<hr class=\"wp-block-separator has-text-color has-white-color has-alpha-channel-opacity has-white-background-color has-background\"\/>\n\n\n\n<p class=\"has-small-font-size\">Est-ce que toi aussi, tu d\u00e9jeunes en r\u00e9pondant \u00e0 tes mails ? Tu coches ta to-do list sans fin ?<br>Tu dis \u00ab oui \u00bb par habitude, m\u00eame quand tu aimerais dire non ? Et c\u2019est quand la derni\u00e8re fois que tu as ri aux \u00e9clats\u2026 vraiment ?<\/p>\n\n\n\n<p class=\"has-small-font-size\">Moi aussi, j\u2019ai cru longtemps que tout d\u00e9pendait de ma capacit\u00e9 \u00e0 \u00ab g\u00e9rer \u00bb.<br>Je remplissais mes journ\u00e9es.<br>Et, je rayais une liste\u2026 pour en \u00e9crire une autre.<br>Je pensais gagner du temps, alors que je le perdais \u00e0 force de le fuir.<\/p>\n\n\n\n<p class=\"has-small-font-size\">J\u2019\u00e9tais <strong>\u00e9puis\u00e9e, d\u00e9connect\u00e9e de moi, de mon corps, de mes \u00e9motions<\/strong>.<br>Jusqu\u2019au jour o\u00f9 mon corps m\u2019a dit stop.<\/p>\n\n\n\n<hr class=\"wp-block-separator has-alpha-channel-opacity is-style-dots\"\/>\n\n\n\n<hr class=\"wp-block-separator has-text-color has-white-color has-alpha-channel-opacity has-white-background-color has-background\"\/>\n\n\n\n<h2 class=\"wp-block-heading has-text-color has-link-color has-medium-font-size wp-elements-d3db5fdc5ba31e1499d1e2d147d94301\" style=\"color:#bf9319\"><em>Et si notre probl\u00e8me n&rsquo;\u00e9tait pas le manque de temps, mais notre rapport au temps ?<\/em><\/h2>\n\n\n\n<hr class=\"wp-block-separator has-text-color has-white-color has-alpha-channel-opacity has-white-background-color has-background\"\/>\n\n\n\n<p class=\"has-small-font-size\">Et si le temps n\u2019\u00e9tait pas une ressource \u00e0 g\u00e9rer\u2026 mais un espace \u00e0 habiter ?<\/p>\n\n\n\n<p class=\"has-small-font-size\">On nous a fait croire que ralentir, c\u2019\u00e9tait perdre en efficacit\u00e9.<br>Dans un monde qui va toujours trop vite, on a peur de \u201cne pas suivre le rythme\u201d.<br>Et pourtant.<\/p>\n\n\n\n<p class=\"has-small-font-size\">\ud83c\udf3f Ralentir, c\u2019est retrouver de la s\u00e9r\u00e9nit\u00e9.<br>\ud83c\udf3f Ralentir, c\u2019est \u00e9couter son corps et ses \u00e9motions.<br>\ud83c\udf3f Ralentir, c\u2019est poser ses limites et reprendre sa juste place.<\/p>\n\n\n\n<p class=\"has-small-font-size\">La vie ne se vit pas dans les regrets du pass\u00e9, ni dans l\u2019anticipation du futur.<br>Elle se vit dans l\u2019instant.<\/p>\n\n\n\n<p class=\"has-small-font-size\">Dans ces d\u00e9tails :<\/p>\n\n\n\n<ul class=\"wp-block-list\">\n<li class=\"has-small-font-size\">Ce silence qui apaise<\/li>\n\n\n\n<li class=\"has-small-font-size\">Ce souffle qui all\u00e8ge<\/li>\n\n\n\n<li class=\"has-small-font-size\">Ce sourire qui r\u00e9conforte<\/li>\n\n\n\n<li class=\"has-small-font-size\">Ce regard qui t&rsquo;anime<\/li>\n<\/ul>\n\n\n\n<p class=\"has-small-font-size\">La vie n\u2019est pas une course.<br>C\u2019est une danse. Et chaque pas compte.<\/p>\n\n\n\n<hr class=\"wp-block-separator has-alpha-channel-opacity is-style-dots\"\/>\n\n\n\n<hr class=\"wp-block-separator has-text-color has-white-color has-alpha-channel-opacity has-white-background-color has-background\"\/>\n\n\n\n<h2 class=\"wp-block-heading has-text-color has-link-color has-medium-font-size wp-elements-ee96de92b45f956093c7ab0c059f8107\" style=\"color:#bf9319\"><em>R\u00e9apprendre \u00e0 vivre l&rsquo;instant pr\u00e9sent : des outils simples pour souffler enfin<\/em><\/h2>\n\n\n\n<hr class=\"wp-block-separator has-text-color has-white-color has-alpha-channel-opacity has-white-background-color has-background\"\/>\n\n\n\n<p class=\"has-small-font-size\">Changer de rythme, ce n\u2019est pas simple quand la <strong>charge mentale<\/strong> est lourde.<br>Mais c\u2019est possible.<\/p>\n\n\n\n<p class=\"has-small-font-size\">Voici 3 petits pas pour commencer \u00e0 souffler :<\/p>\n\n\n\n<p class=\"has-small-font-size\">\u2728 Prends 5 minutes par jour rien que pour toi. Bois ton th\u00e9 en conscience, respire, regarde par la fen\u00eatre. 5 minutes suffisent pour t\u2019ancrer.<\/p>\n\n\n\n<p class=\"has-small-font-size\">\u2728 Dis \u00ab non \u00bb \u00e0 une chose par semaine. Ce n\u2019est pas un \u00e9chec, c\u2019est une victoire pour ton \u00e9quilibre.<\/p>\n\n\n\n<p class=\"has-small-font-size\">\u2728 Chaque soir, note un moment que tu as aim\u00e9 dans ta journ\u00e9e. Et ce que tu as ressenti.<\/p>\n\n\n\n<p class=\"has-small-font-size\">Ces petits pas changent tout.<br>Parce qu\u2019ils te ram\u00e8nent \u00e0 toi.<\/p>\n\n\n\n<div class=\"wp-block-group is-vertical is-content-justification-center is-layout-flex wp-container-core-group-is-layout-4b2eccd6 wp-block-group-is-layout-flex\">\n<p class=\"has-small-font-size\">\ud83c\udf38La vie n\u2019est pas un long fleuve tranquille. Mais tu peux choisir comment la vivre.<\/p>\n\n\n\n<p class=\"has-small-font-size\">Et toi, quel petit pas pourrais-tu faire aujourd\u2019hui pour te rapprocher de ce qui compte vraiment ?<\/p>\n<\/div>\n\n\n\n<hr class=\"wp-block-separator has-text-color has-white-color has-alpha-channel-opacity has-white-background-color has-background\"\/>\n\n\n\n<div class=\"wp-block-buttons has-white-background-color has-background is-content-justification-center is-layout-flex wp-container-core-buttons-is-layout-16018d1d wp-block-buttons-is-layout-flex\">\n<div class=\"wp-block-button is-style-outline is-style-outline--1\"><a class=\"wp-block-button__link has-text-color has-link-color wp-element-button\" href=\"https:\/\/calendly.com\/alicebreemcouty-coachdevie\/appel-decouverte-offert-en-visio\" style=\"color:#bf9319\">Et si tu r\u00e9servais ton appel d\u00e9couverte gratuit ? Pas demain. Maintenant.<\/a><\/div>\n<\/div>\n\n\n\n<hr class=\"wp-block-separator has-text-color has-white-color has-alpha-channel-opacity has-white-background-color has-background\"\/>\n","protected":false},"excerpt":{"rendered":"<p>\ud83c\udf3f La vie n\u2019est pas un train \u00e0 rattraper.Ce n\u2019est pas cette gare bond\u00e9e o\u00f9 tu cours, essouffl\u00e9e, de peur de manquer le bon quai.Ce n\u2019est pas ces voix qui dictent des choix que tu n\u2019as pas faits.Ni cette impression d\u2019\u00eatre toujours en retard. Et pourtant\u2026 c\u2019est souvent ainsi qu\u2019on la vit.On court, partout. Sans [&hellip;]<\/p>\n","protected":false},"author":1,"featured_media":0,"comment_status":"closed","ping_status":"closed","sticky":false,"template":"","format":"standard","meta":{"footnotes":""},"categories":[4,1],"tags":[],"class_list":["post-973","post","type-post","status-publish","format-standard","hentry","category-coaching-de-vie-articles-de-blog","category-non-classe"],"yoast_head":"<!-- This site is optimized with the Yoast SEO plugin v27.5 - https:\/\/yoast.com\/product\/yoast-seo-wordpress\/ -->\n<title>Surcharge mentale<\/title>\n<meta name=\"description\" content=\"On court. On avance en pilote automatique. Et s&#039;il fallait simplement r\u00e9apprendre \u00e0 vivre l\u2019instant pr\u00e9sent ?\" \/>\n<meta name=\"robots\" content=\"index, follow, max-snippet:-1, max-image-preview:large, max-video-preview:-1\" \/>\n<link rel=\"canonical\" href=\"https:\/\/alicebreemcouty-coachdevie.com\/index.php\/2025\/09\/18\/surcharge-mentale\/\" \/>\n<meta property=\"og:locale\" content=\"fr_FR\" \/>\n<meta property=\"og:type\" content=\"article\" \/>\n<meta property=\"og:title\" content=\"Surcharge mentale\" \/>\n<meta property=\"og:description\" content=\"On court. On avance en pilote automatique. Et s&#039;il fallait simplement r\u00e9apprendre \u00e0 vivre l\u2019instant pr\u00e9sent ?\" \/>\n<meta property=\"og:url\" content=\"https:\/\/alicebreemcouty-coachdevie.com\/index.php\/2025\/09\/18\/surcharge-mentale\/\" \/>\n<meta property=\"article:published_time\" content=\"2025-09-18T15:42:26+00:00\" \/>\n<meta property=\"article:modified_time\" content=\"2026-02-26T08:25:11+00:00\" \/>\n<meta property=\"og:image\" content=\"https:\/\/alicebreemcouty-coachdevie.com\/wp-content\/uploads\/2024\/12\/transition-de-vie-coach-de-vie-bordeaux.jpg\" \/>\n\t<meta property=\"og:image:width\" content=\"640\" \/>\n\t<meta property=\"og:image:height\" content=\"640\" \/>\n\t<meta property=\"og:image:type\" content=\"image\/jpeg\" \/>\n<meta name=\"author\" content=\"Alice Breem Couty\" \/>\n<meta name=\"twitter:card\" content=\"summary_large_image\" \/>\n<meta name=\"twitter:label1\" content=\"\u00c9crit par\" \/>\n\t<meta name=\"twitter:data1\" content=\"Alice Breem Couty\" \/>\n\t<meta name=\"twitter:label2\" content=\"Dur\u00e9e de lecture estim\u00e9e\" \/>\n\t<meta name=\"twitter:data2\" content=\"4 minutes\" \/>\n<script type=\"application\/ld+json\" class=\"yoast-schema-graph\">{\"@context\":\"https:\\\/\\\/schema.org\",\"@graph\":[{\"@type\":\"Article\",\"@id\":\"https:\\\/\\\/alicebreemcouty-coachdevie.com\\\/index.php\\\/2025\\\/09\\\/18\\\/surcharge-mentale\\\/#article\",\"isPartOf\":{\"@id\":\"https:\\\/\\\/alicebreemcouty-coachdevie.com\\\/index.php\\\/2025\\\/09\\\/18\\\/surcharge-mentale\\\/\"},\"author\":{\"name\":\"Alice Breem Couty\",\"@id\":\"https:\\\/\\\/alicebreemcouty-coachdevie.com\\\/#\\\/schema\\\/person\\\/028f922062b65489b1466e1b299992f9\"},\"headline\":\"Surcharge mentale, fatigue, pression\u00a0: et si le temps devenait notre alli\u00e9\u00a0?\",\"datePublished\":\"2025-09-18T15:42:26+00:00\",\"dateModified\":\"2026-02-26T08:25:11+00:00\",\"mainEntityOfPage\":{\"@id\":\"https:\\\/\\\/alicebreemcouty-coachdevie.com\\\/index.php\\\/2025\\\/09\\\/18\\\/surcharge-mentale\\\/\"},\"wordCount\":673,\"publisher\":{\"@id\":\"https:\\\/\\\/alicebreemcouty-coachdevie.com\\\/#\\\/schema\\\/person\\\/028f922062b65489b1466e1b299992f9\"},\"image\":{\"@id\":\"https:\\\/\\\/alicebreemcouty-coachdevie.com\\\/index.php\\\/2025\\\/09\\\/18\\\/surcharge-mentale\\\/#primaryimage\"},\"thumbnailUrl\":\"https:\\\/\\\/alicebreemcouty-coachdevie.com\\\/wp-content\\\/uploads\\\/2024\\\/12\\\/transition-de-vie-coach-de-vie-bordeaux.jpg\",\"articleSection\":[\"Articles de Blog\"],\"inLanguage\":\"fr-FR\"},{\"@type\":\"WebPage\",\"@id\":\"https:\\\/\\\/alicebreemcouty-coachdevie.com\\\/index.php\\\/2025\\\/09\\\/18\\\/surcharge-mentale\\\/\",\"url\":\"https:\\\/\\\/alicebreemcouty-coachdevie.com\\\/index.php\\\/2025\\\/09\\\/18\\\/surcharge-mentale\\\/\",\"name\":\"Surcharge mentale\",\"isPartOf\":{\"@id\":\"https:\\\/\\\/alicebreemcouty-coachdevie.com\\\/#website\"},\"primaryImageOfPage\":{\"@id\":\"https:\\\/\\\/alicebreemcouty-coachdevie.com\\\/index.php\\\/2025\\\/09\\\/18\\\/surcharge-mentale\\\/#primaryimage\"},\"image\":{\"@id\":\"https:\\\/\\\/alicebreemcouty-coachdevie.com\\\/index.php\\\/2025\\\/09\\\/18\\\/surcharge-mentale\\\/#primaryimage\"},\"thumbnailUrl\":\"https:\\\/\\\/alicebreemcouty-coachdevie.com\\\/wp-content\\\/uploads\\\/2024\\\/12\\\/transition-de-vie-coach-de-vie-bordeaux.jpg\",\"datePublished\":\"2025-09-18T15:42:26+00:00\",\"dateModified\":\"2026-02-26T08:25:11+00:00\",\"description\":\"On court. On avance en pilote automatique. Et s'il fallait simplement r\u00e9apprendre \u00e0 vivre l\u2019instant pr\u00e9sent ?\",\"breadcrumb\":{\"@id\":\"https:\\\/\\\/alicebreemcouty-coachdevie.com\\\/index.php\\\/2025\\\/09\\\/18\\\/surcharge-mentale\\\/#breadcrumb\"},\"inLanguage\":\"fr-FR\",\"potentialAction\":[{\"@type\":\"ReadAction\",\"target\":[\"https:\\\/\\\/alicebreemcouty-coachdevie.com\\\/index.php\\\/2025\\\/09\\\/18\\\/surcharge-mentale\\\/\"]}]},{\"@type\":\"ImageObject\",\"inLanguage\":\"fr-FR\",\"@id\":\"https:\\\/\\\/alicebreemcouty-coachdevie.com\\\/index.php\\\/2025\\\/09\\\/18\\\/surcharge-mentale\\\/#primaryimage\",\"url\":\"https:\\\/\\\/alicebreemcouty-coachdevie.com\\\/wp-content\\\/uploads\\\/2024\\\/12\\\/transition-de-vie-coach-de-vie-bordeaux.jpg\",\"contentUrl\":\"https:\\\/\\\/alicebreemcouty-coachdevie.com\\\/wp-content\\\/uploads\\\/2024\\\/12\\\/transition-de-vie-coach-de-vie-bordeaux.jpg\",\"width\":640,\"height\":640,\"caption\":\"charge mentale fatigue femme\"},{\"@type\":\"BreadcrumbList\",\"@id\":\"https:\\\/\\\/alicebreemcouty-coachdevie.com\\\/index.php\\\/2025\\\/09\\\/18\\\/surcharge-mentale\\\/#breadcrumb\",\"itemListElement\":[{\"@type\":\"ListItem\",\"position\":1,\"name\":\"Accueil\",\"item\":\"https:\\\/\\\/alicebreemcouty-coachdevie.com\\\/\"},{\"@type\":\"ListItem\",\"position\":2,\"name\":\"Surcharge mentale, fatigue, pression\u00a0: et si le temps devenait notre alli\u00e9\u00a0?\"}]},{\"@type\":\"WebSite\",\"@id\":\"https:\\\/\\\/alicebreemcouty-coachdevie.com\\\/#website\",\"url\":\"https:\\\/\\\/alicebreemcouty-coachdevie.com\\\/\",\"name\":\"Alice Breem Couty, coach de vie\",\"description\":\"\",\"publisher\":{\"@id\":\"https:\\\/\\\/alicebreemcouty-coachdevie.com\\\/#\\\/schema\\\/person\\\/028f922062b65489b1466e1b299992f9\"},\"potentialAction\":[{\"@type\":\"SearchAction\",\"target\":{\"@type\":\"EntryPoint\",\"urlTemplate\":\"https:\\\/\\\/alicebreemcouty-coachdevie.com\\\/?s={search_term_string}\"},\"query-input\":{\"@type\":\"PropertyValueSpecification\",\"valueRequired\":true,\"valueName\":\"search_term_string\"}}],\"inLanguage\":\"fr-FR\"},{\"@type\":[\"Person\",\"Organization\"],\"@id\":\"https:\\\/\\\/alicebreemcouty-coachdevie.com\\\/#\\\/schema\\\/person\\\/028f922062b65489b1466e1b299992f9\",\"name\":\"Alice Breem Couty\",\"image\":{\"@type\":\"ImageObject\",\"inLanguage\":\"fr-FR\",\"@id\":\"https:\\\/\\\/alicebreemcouty-coachdevie.com\\\/wp-content\\\/uploads\\\/2026\\\/02\\\/cropped-Design-sans-titre-2-1.jpg\",\"url\":\"https:\\\/\\\/alicebreemcouty-coachdevie.com\\\/wp-content\\\/uploads\\\/2026\\\/02\\\/cropped-Design-sans-titre-2-1.jpg\",\"contentUrl\":\"https:\\\/\\\/alicebreemcouty-coachdevie.com\\\/wp-content\\\/uploads\\\/2026\\\/02\\\/cropped-Design-sans-titre-2-1.jpg\",\"width\":1133,\"height\":724,\"caption\":\"Alice Breem Couty\"},\"logo\":{\"@id\":\"https:\\\/\\\/alicebreemcouty-coachdevie.com\\\/wp-content\\\/uploads\\\/2026\\\/02\\\/cropped-Design-sans-titre-2-1.jpg\"},\"sameAs\":[\"http:\\\/\\\/alicebreemcouty-coachdevie.com\"],\"url\":\"https:\\\/\\\/alicebreemcouty-coachdevie.com\\\/index.php\\\/author\\\/admin1920\\\/\"}]}<\/script>\n<!-- \/ Yoast SEO plugin. -->","yoast_head_json":{"title":"Surcharge mentale","description":"On court. On avance en pilote automatique. Et s'il fallait simplement r\u00e9apprendre \u00e0 vivre l\u2019instant pr\u00e9sent ?","robots":{"index":"index","follow":"follow","max-snippet":"max-snippet:-1","max-image-preview":"max-image-preview:large","max-video-preview":"max-video-preview:-1"},"canonical":"https:\/\/alicebreemcouty-coachdevie.com\/index.php\/2025\/09\/18\/surcharge-mentale\/","og_locale":"fr_FR","og_type":"article","og_title":"Surcharge mentale","og_description":"On court. On avance en pilote automatique. Et s'il fallait simplement r\u00e9apprendre \u00e0 vivre l\u2019instant pr\u00e9sent ?","og_url":"https:\/\/alicebreemcouty-coachdevie.com\/index.php\/2025\/09\/18\/surcharge-mentale\/","article_published_time":"2025-09-18T15:42:26+00:00","article_modified_time":"2026-02-26T08:25:11+00:00","og_image":[{"width":640,"height":640,"url":"https:\/\/alicebreemcouty-coachdevie.com\/wp-content\/uploads\/2024\/12\/transition-de-vie-coach-de-vie-bordeaux.jpg","type":"image\/jpeg"}],"author":"Alice Breem Couty","twitter_card":"summary_large_image","twitter_misc":{"\u00c9crit par":"Alice Breem Couty","Dur\u00e9e de lecture estim\u00e9e":"4 minutes"},"schema":{"@context":"https:\/\/schema.org","@graph":[{"@type":"Article","@id":"https:\/\/alicebreemcouty-coachdevie.com\/index.php\/2025\/09\/18\/surcharge-mentale\/#article","isPartOf":{"@id":"https:\/\/alicebreemcouty-coachdevie.com\/index.php\/2025\/09\/18\/surcharge-mentale\/"},"author":{"name":"Alice Breem Couty","@id":"https:\/\/alicebreemcouty-coachdevie.com\/#\/schema\/person\/028f922062b65489b1466e1b299992f9"},"headline":"Surcharge mentale, fatigue, pression\u00a0: et si le temps devenait notre alli\u00e9\u00a0?","datePublished":"2025-09-18T15:42:26+00:00","dateModified":"2026-02-26T08:25:11+00:00","mainEntityOfPage":{"@id":"https:\/\/alicebreemcouty-coachdevie.com\/index.php\/2025\/09\/18\/surcharge-mentale\/"},"wordCount":673,"publisher":{"@id":"https:\/\/alicebreemcouty-coachdevie.com\/#\/schema\/person\/028f922062b65489b1466e1b299992f9"},"image":{"@id":"https:\/\/alicebreemcouty-coachdevie.com\/index.php\/2025\/09\/18\/surcharge-mentale\/#primaryimage"},"thumbnailUrl":"https:\/\/alicebreemcouty-coachdevie.com\/wp-content\/uploads\/2024\/12\/transition-de-vie-coach-de-vie-bordeaux.jpg","articleSection":["Articles de Blog"],"inLanguage":"fr-FR"},{"@type":"WebPage","@id":"https:\/\/alicebreemcouty-coachdevie.com\/index.php\/2025\/09\/18\/surcharge-mentale\/","url":"https:\/\/alicebreemcouty-coachdevie.com\/index.php\/2025\/09\/18\/surcharge-mentale\/","name":"Surcharge mentale","isPartOf":{"@id":"https:\/\/alicebreemcouty-coachdevie.com\/#website"},"primaryImageOfPage":{"@id":"https:\/\/alicebreemcouty-coachdevie.com\/index.php\/2025\/09\/18\/surcharge-mentale\/#primaryimage"},"image":{"@id":"https:\/\/alicebreemcouty-coachdevie.com\/index.php\/2025\/09\/18\/surcharge-mentale\/#primaryimage"},"thumbnailUrl":"https:\/\/alicebreemcouty-coachdevie.com\/wp-content\/uploads\/2024\/12\/transition-de-vie-coach-de-vie-bordeaux.jpg","datePublished":"2025-09-18T15:42:26+00:00","dateModified":"2026-02-26T08:25:11+00:00","description":"On court. On avance en pilote automatique. Et s'il fallait simplement r\u00e9apprendre \u00e0 vivre l\u2019instant pr\u00e9sent ?","breadcrumb":{"@id":"https:\/\/alicebreemcouty-coachdevie.com\/index.php\/2025\/09\/18\/surcharge-mentale\/#breadcrumb"},"inLanguage":"fr-FR","potentialAction":[{"@type":"ReadAction","target":["https:\/\/alicebreemcouty-coachdevie.com\/index.php\/2025\/09\/18\/surcharge-mentale\/"]}]},{"@type":"ImageObject","inLanguage":"fr-FR","@id":"https:\/\/alicebreemcouty-coachdevie.com\/index.php\/2025\/09\/18\/surcharge-mentale\/#primaryimage","url":"https:\/\/alicebreemcouty-coachdevie.com\/wp-content\/uploads\/2024\/12\/transition-de-vie-coach-de-vie-bordeaux.jpg","contentUrl":"https:\/\/alicebreemcouty-coachdevie.com\/wp-content\/uploads\/2024\/12\/transition-de-vie-coach-de-vie-bordeaux.jpg","width":640,"height":640,"caption":"charge mentale fatigue femme"},{"@type":"BreadcrumbList","@id":"https:\/\/alicebreemcouty-coachdevie.com\/index.php\/2025\/09\/18\/surcharge-mentale\/#breadcrumb","itemListElement":[{"@type":"ListItem","position":1,"name":"Accueil","item":"https:\/\/alicebreemcouty-coachdevie.com\/"},{"@type":"ListItem","position":2,"name":"Surcharge mentale, fatigue, pression\u00a0: et si le temps devenait notre alli\u00e9\u00a0?"}]},{"@type":"WebSite","@id":"https:\/\/alicebreemcouty-coachdevie.com\/#website","url":"https:\/\/alicebreemcouty-coachdevie.com\/","name":"Alice Breem Couty, coach de vie","description":"","publisher":{"@id":"https:\/\/alicebreemcouty-coachdevie.com\/#\/schema\/person\/028f922062b65489b1466e1b299992f9"},"potentialAction":[{"@type":"SearchAction","target":{"@type":"EntryPoint","urlTemplate":"https:\/\/alicebreemcouty-coachdevie.com\/?s={search_term_string}"},"query-input":{"@type":"PropertyValueSpecification","valueRequired":true,"valueName":"search_term_string"}}],"inLanguage":"fr-FR"},{"@type":["Person","Organization"],"@id":"https:\/\/alicebreemcouty-coachdevie.com\/#\/schema\/person\/028f922062b65489b1466e1b299992f9","name":"Alice Breem Couty","image":{"@type":"ImageObject","inLanguage":"fr-FR","@id":"https:\/\/alicebreemcouty-coachdevie.com\/wp-content\/uploads\/2026\/02\/cropped-Design-sans-titre-2-1.jpg","url":"https:\/\/alicebreemcouty-coachdevie.com\/wp-content\/uploads\/2026\/02\/cropped-Design-sans-titre-2-1.jpg","contentUrl":"https:\/\/alicebreemcouty-coachdevie.com\/wp-content\/uploads\/2026\/02\/cropped-Design-sans-titre-2-1.jpg","width":1133,"height":724,"caption":"Alice Breem Couty"},"logo":{"@id":"https:\/\/alicebreemcouty-coachdevie.com\/wp-content\/uploads\/2026\/02\/cropped-Design-sans-titre-2-1.jpg"},"sameAs":["http:\/\/alicebreemcouty-coachdevie.com"],"url":"https:\/\/alicebreemcouty-coachdevie.com\/index.php\/author\/admin1920\/"}]}},"_links":{"self":[{"href":"https:\/\/alicebreemcouty-coachdevie.com\/index.php\/wp-json\/wp\/v2\/posts\/973","targetHints":{"allow":["GET"]}}],"collection":[{"href":"https:\/\/alicebreemcouty-coachdevie.com\/index.php\/wp-json\/wp\/v2\/posts"}],"about":[{"href":"https:\/\/alicebreemcouty-coachdevie.com\/index.php\/wp-json\/wp\/v2\/types\/post"}],"author":[{"embeddable":true,"href":"https:\/\/alicebreemcouty-coachdevie.com\/index.php\/wp-json\/wp\/v2\/users\/1"}],"replies":[{"embeddable":true,"href":"https:\/\/alicebreemcouty-coachdevie.com\/index.php\/wp-json\/wp\/v2\/comments?post=973"}],"version-history":[{"count":3,"href":"https:\/\/alicebreemcouty-coachdevie.com\/index.php\/wp-json\/wp\/v2\/posts\/973\/revisions"}],"predecessor-version":[{"id":976,"href":"https:\/\/alicebreemcouty-coachdevie.com\/index.php\/wp-json\/wp\/v2\/posts\/973\/revisions\/976"}],"wp:attachment":[{"href":"https:\/\/alicebreemcouty-coachdevie.com\/index.php\/wp-json\/wp\/v2\/media?parent=973"}],"wp:term":[{"taxonomy":"category","embeddable":true,"href":"https:\/\/alicebreemcouty-coachdevie.com\/index.php\/wp-json\/wp\/v2\/categories?post=973"},{"taxonomy":"post_tag","embeddable":true,"href":"https:\/\/alicebreemcouty-coachdevie.com\/index.php\/wp-json\/wp\/v2\/tags?post=973"}],"curies":[{"name":"wp","href":"https:\/\/api.w.org\/{rel}","templated":true}]}}