{"id":1048,"date":"2025-11-06T10:54:35","date_gmt":"2025-11-06T09:54:35","guid":{"rendered":"https:\/\/alicebreemcouty-coachdevie.com\/?p=1048"},"modified":"2025-11-06T10:54:36","modified_gmt":"2025-11-06T09:54:36","slug":"et-si-le-syndrome-de-la-bonne-eleve-etait-a-lorigine-de-ta-perte-de-sens-au-travail","status":"publish","type":"post","link":"https:\/\/alicebreemcouty-coachdevie.com\/index.php\/2025\/11\/06\/et-si-le-syndrome-de-la-bonne-eleve-etait-a-lorigine-de-ta-perte-de-sens-au-travail\/","title":{"rendered":"Et si le syndrome de la bonne \u00e9l\u00e8ve \u00e9tait \u00e0 l\u2019origine de ta perte de sens au travail ?"},"content":{"rendered":"<div class=\"wp-block-image is-style-rounded\">\n<figure class=\"aligncenter size-full is-resized\"><img loading=\"lazy\" decoding=\"async\" width=\"640\" height=\"638\" src=\"https:\/\/alicebreemcouty-coachdevie.com\/wp-content\/uploads\/2025\/11\/woman-5930702_640.jpg\" alt=\"perte de sens au travail \u00e9quilibre vie\" class=\"wp-image-1049\" style=\"width:296px;height:auto\" srcset=\"https:\/\/alicebreemcouty-coachdevie.com\/wp-content\/uploads\/2025\/11\/woman-5930702_640.jpg 640w, https:\/\/alicebreemcouty-coachdevie.com\/wp-content\/uploads\/2025\/11\/woman-5930702_640-300x300.jpg 300w, https:\/\/alicebreemcouty-coachdevie.com\/wp-content\/uploads\/2025\/11\/woman-5930702_640-150x150.jpg 150w\" sizes=\"auto, (max-width: 640px) 100vw, 640px\" \/><\/figure>\n<\/div>\n\n\n<hr class=\"wp-block-separator has-text-color has-white-color has-alpha-channel-opacity has-white-background-color has-background\"\/>\n\n\n\n<h2 class=\"wp-block-heading has-text-color has-link-color has-large-font-size wp-elements-d73218ed0307115fd71fbc217a3e5910\" style=\"color:#e1af25\"><strong>Quand \u00ab\u00a0bien faire\u00a0\u00bb devient \u00ab\u00a0trop faire\u00a0\u00bb<\/strong><\/h2>\n\n\n\n<hr class=\"wp-block-separator has-text-color has-white-color has-alpha-channel-opacity has-white-background-color has-background\"\/>\n\n\n\n<p class=\"has-small-font-size\">Tu as peut-\u00eatre grandi avec cette id\u00e9e qu\u2019en travaillant dur, en \u00e9tant s\u00e9rieuse, en faisant toujours ton maximum, tout irait bien.<br>C\u2019est la promesse invisible du <strong>syndrome de la bonne \u00e9l\u00e8ve<\/strong> : \u201cSois parfaite, et tu seras en s\u00e9curit\u00e9.\u201d<\/p>\n\n\n\n<p class=\"has-small-font-size\">Mais dans la vie professionnelle, ce conditionnement devient souvent un pi\u00e8ge.<br>Tu prends sur toi, tu veux \u00eatre \u00e0 la hauteur, tu dis \u201coui\u201d alors que tout ton corps voudrait dire \u201cnon\u201d.<br>Et \u00e0 force de vouloir <strong>tout bien faire<\/strong>, tu finis par t\u2019\u00e9loigner de toi.<\/p>\n\n\n\n<ul class=\"wp-block-list\">\n<li class=\"has-small-font-size\">Tu ne sais plus ce que Toi tu veux vraiment,<\/li>\n\n\n\n<li class=\"has-small-font-size\">Tu t&rsquo;\u00e9puises \u00e0 r\u00e9pondre aux attentes des autres,<\/li>\n\n\n\n<li class=\"has-small-font-size\">Et tu ressens ce vide int\u00e9rieur, ce manque de sens.<\/li>\n<\/ul>\n\n\n\n<hr class=\"wp-block-separator has-text-color has-white-color has-alpha-channel-opacity has-white-background-color has-background\"\/>\n\n\n\n<hr class=\"wp-block-separator has-alpha-channel-opacity is-style-dots\"\/>\n\n\n\n<h2 class=\"wp-block-heading has-text-color has-link-color has-large-font-size wp-elements-48662c3ef779552196dac41251883234\" style=\"color:#e1af25\"><strong>Le moment du d\u00e9clic ? Quand le corps dit Stop !<\/strong><\/h2>\n\n\n\n<hr class=\"wp-block-separator has-text-color has-white-color has-alpha-channel-opacity has-white-background-color has-background\"\/>\n\n\n\n<p class=\"has-small-font-size\">La perte de sens ne se d\u00e9clare pas du jour au lendemain.<br>Elle s\u2019installe, subtilement.<br>Tu continues \u00e0 fonctionner, \u00e0 \u201cassurer\u201d, jusqu\u2019au jour o\u00f9 ton corps ou ton c\u0153ur ne suivent plus.<\/p>\n\n\n\n<p class=\"has-small-font-size\">C\u2019est ce matin o\u00f9 tu pleures dans ta voiture.<br>Ce soir o\u00f9 tu ne trouves plus la force d\u2019ouvrir ton ordinateur.<br>Ou ce moment o\u00f9 tu r\u00e9alises que tu fais tout \u201ccomme il faut\u201d, mais que tu n\u2019as plus d\u2019\u00e9lan.<\/p>\n\n\n\n<p class=\"has-small-font-size\">Le corps devient alors <strong>le messager<\/strong> : \u00ab\u00a0Tu t&rsquo;es trop \u00e9loign\u00e9e de toi, reviens \u00e0 l&rsquo;essentiel !\u00a0\u00bb<\/p>\n\n\n\n<hr class=\"wp-block-separator has-text-color has-white-color has-alpha-channel-opacity has-white-background-color has-background\"\/>\n\n\n\n<hr class=\"wp-block-separator has-alpha-channel-opacity is-style-dots\"\/>\n\n\n\n<h2 class=\"wp-block-heading has-text-color has-link-color has-large-font-size wp-elements-d837ccfa39ec051d4c29cb6ba429f8ab\" style=\"color:#e1af25\"><strong>Les racines du syndrome de \u00ab\u00a0la bonne \u00e9l\u00e8ve\u00a0\u00bb<\/strong><\/h2>\n\n\n\n<hr class=\"wp-block-separator has-text-color has-white-color has-alpha-channel-opacity has-white-background-color has-background\"\/>\n\n\n\n<p class=\"has-text-align-center has-text-color has-link-color has-medium-font-size wp-elements-912ea6cbf26ec9f64d82e8915e3788b4\" style=\"color:#a38122\"><strong>\u2192 Le besoin d&rsquo;\u00eatre reconnue<\/strong><\/p>\n\n\n\n<p class=\"has-small-font-size\">Derri\u00e8re cette envie de bien faire se cache souvent un besoin profond d\u2019\u00eatre aim\u00e9e, valid\u00e9e, reconnue.<br>On apprend tr\u00e8s t\u00f4t \u00e0 se dire : \u201cSi je r\u00e9ussis, on m\u2019aimera.\u201d<br>Alors adulte, on continue\u2026 m\u00eame quand cela nous co\u00fbte.<\/p>\n\n\n\n<p class=\"has-text-align-center has-text-color has-link-color has-medium-font-size wp-elements-272939d459004080d31074074f5fc20e\" style=\"color:#a38122\"><strong>\u2192 Le contr\u00f4le comme bouclier<\/strong><\/p>\n\n\n\n<p class=\"has-small-font-size\">\u201cSi je contr\u00f4le, si je g\u00e8re tout, alors rien ne d\u00e9rapera.\u201d<br>Mais \u00e0 force de tout vouloir ma\u00eetriser, on finit par s\u2019\u00e9puiser.<\/p>\n\n\n\n<p class=\"has-text-align-center has-text-color has-link-color has-medium-font-size wp-elements-f40afe43f9dee0063052455ed08ed978\" style=\"color:#a38122\"><strong>\u2192 La peur de d\u00e9cevoir<\/strong><\/p>\n\n\n\n<p class=\"has-small-font-size\">Cette peur de dire non, de poser ses limites, de montrer ses \u00e9motions.<br>Parce qu\u2019on confond authenticit\u00e9 et faiblesse.<br>Alors qu\u2019en r\u00e9alit\u00e9, la vuln\u00e9rabilit\u00e9 est souvent le d\u00e9but du vrai courage.<\/p>\n\n\n\n<hr class=\"wp-block-separator has-alpha-channel-opacity is-style-dots\"\/>\n\n\n\n<h2 class=\"wp-block-heading has-text-color has-link-color has-large-font-size wp-elements-d743fa5e83da9d8c54f489a549095c29\" style=\"color:#e1af25\"><strong>Retrouver sens et libert\u00e9 : un chemin de reconnexion \u00e0 soi<\/strong><\/h2>\n\n\n\n<p class=\"has-small-font-size\">Sortir du syndrome de la bonne \u00e9l\u00e8ve, ce n\u2019est pas tout plaquer du jour au lendemain.<br>C\u2019est apprendre, pas \u00e0 \u201cmoins faire\u201d, mais \u00e0 <strong>faire autrement<\/strong>.<br>Avec conscience, avec \u00e9coute, avec alignement.<\/p>\n\n\n\n<p class=\"has-small-font-size\">Voici trois pistes concr\u00e8tes pour commencer ce travail int\u00e9rieur \ud83d\udc47<\/p>\n\n\n\n<ul class=\"wp-block-list\">\n<li class=\"has-text-color has-link-color has-medium-font-size wp-elements-93c29dcb3dd8ac13c3fe6ef754f27007\" style=\"color:#a38122\"><strong>Observer sans juger <\/strong><\/li>\n<\/ul>\n\n\n\n<p class=\"has-small-font-size\">Pendant une semaine, note simplement les moments o\u00f9 tu dis \u201coui\u201d alors qu\u2019int\u00e9rieurement, tu penses \u201cnon\u201d. Juste observer. Pas pour te juger, mais pour <strong>reprendre conscience de tes automatismes<\/strong>.<\/p>\n\n\n\n<ul class=\"wp-block-list\">\n<li class=\"has-text-color has-link-color has-medium-font-size wp-elements-641bb353f6ddafd2f8808fa9a20562ff\" style=\"color:#a38122\"><strong>Redonner de la voix \u00e0 ses besoins<\/strong><\/li>\n<\/ul>\n\n\n\n<p class=\"has-small-font-size\">Chaque soir, \u00e9cris une phrase commen\u00e7ant par : \u00ab\u00a0Aujourd&rsquo;hui, j&rsquo;aurais eu besoin de &#8230;\u00a0\u00bb C&rsquo;est un moyen simple de revenir \u00e0 soi et s&rsquo;\u00e9couter.<\/p>\n\n\n\n<ul class=\"wp-block-list\">\n<li class=\"has-text-color has-link-color has-medium-font-size wp-elements-d59f57d9312d722c17362a25fdd308d6\" style=\"color:#a38122\"><strong>Revenir au corps<\/strong><\/li>\n<\/ul>\n\n\n\n<p class=\"has-small-font-size\">Quand le mental s&#8217;emballe, le corps est ton ancre. Respirer, marcher, danser, ou simplement te poser quelques secondes pour sentir tes pieds sur le sol, cela permet d&rsquo;apaiser.<\/p>\n\n\n\n<hr class=\"wp-block-separator has-alpha-channel-opacity is-style-dots\"\/>\n\n\n\n<p class=\"has-small-font-size\">Parce que le vrai courage, ce n\u2019est pas de tout contr\u00f4ler.<br>C\u2019est d\u2019oser ralentir. D\u2019oser ne pas \u00eatre parfaite. Et de te rappeler que <strong>tu es d\u00e9j\u00e0 assez<\/strong>, m\u00eame sans tout prouver.<\/p>\n\n\n\n<p class=\"has-small-font-size\">Certaines femmes choisissent de faire ce chemin seules, d\u2019autres ont besoin d\u2019un espace d\u2019accompagnement bienveillant pour se recentrer. C&rsquo;est la raison pour laquelle je propose diff\u00e9rents accompagnements : individuels\/ collectifs \/ auto-coaching. Pour en savoir plus, <a href=\"https:\/\/alicebreemcouty-coachdevie.com\/index.php\/coaching-de-vie-ateliers-bien-etre\/\">c&rsquo;est par ici.<\/a><\/p>\n\n\n\n<hr class=\"wp-block-separator has-text-color has-white-color has-alpha-channel-opacity has-white-background-color has-background\"\/>\n\n\n\n<hr class=\"wp-block-separator has-text-color has-white-color has-alpha-channel-opacity has-white-background-color has-background\"\/>\n\n\n\n<div class=\"wp-block-buttons is-content-justification-center is-layout-flex wp-container-core-buttons-is-layout-16018d1d wp-block-buttons-is-layout-flex\">\n<div class=\"wp-block-button is-style-outline is-style-outline--1\"><a class=\"wp-block-button__link has-text-color has-link-color has-text-align-center wp-element-button\" href=\"https:\/\/calendly.com\/alicebreemcouty-coachdevie\/lesrendezvousetincelle\" style=\"color:#a38122\">Je r\u00e9serve mon espace d&rsquo;\u00e9coute offert : 30 min pour TOI<\/a><\/div>\n<\/div>\n\n\n\n<hr class=\"wp-block-separator has-text-color has-white-color has-alpha-channel-opacity has-white-background-color has-background\"\/>\n","protected":false},"excerpt":{"rendered":"<p>Quand \u00ab\u00a0bien faire\u00a0\u00bb devient \u00ab\u00a0trop faire\u00a0\u00bb Tu as peut-\u00eatre grandi avec cette id\u00e9e qu\u2019en travaillant dur, en \u00e9tant s\u00e9rieuse, en faisant toujours ton maximum, tout irait bien.C\u2019est la promesse invisible du syndrome de la bonne \u00e9l\u00e8ve : \u201cSois parfaite, et tu seras en s\u00e9curit\u00e9.\u201d Mais dans la vie professionnelle, ce conditionnement devient souvent un pi\u00e8ge.Tu [&hellip;]<\/p>\n","protected":false},"author":1,"featured_media":0,"comment_status":"closed","ping_status":"closed","sticky":false,"template":"","format":"standard","meta":{"footnotes":""},"categories":[4,1],"tags":[],"class_list":["post-1048","post","type-post","status-publish","format-standard","hentry","category-coaching-de-vie-articles-de-blog","category-non-classe"],"yoast_head":"<!-- This site is optimized with the Yoast SEO plugin v27.5 - https:\/\/yoast.com\/product\/yoast-seo-wordpress\/ -->\n<title>Perte de sens au travail et syndrome de la bonne \u00e9l\u00e8ve<\/title>\n<meta name=\"description\" content=\"Quand la charge mentale r\u00e9sonne avec le syndrome de la bonne \u00e9l\u00e8ve. Retrouve dans cet article quelques pistes de r\u00e9flexion.\" \/>\n<meta name=\"robots\" content=\"index, follow, max-snippet:-1, max-image-preview:large, max-video-preview:-1\" \/>\n<link rel=\"canonical\" href=\"https:\/\/alicebreemcouty-coachdevie.com\/index.php\/2025\/11\/06\/et-si-le-syndrome-de-la-bonne-eleve-etait-a-lorigine-de-ta-perte-de-sens-au-travail\/\" \/>\n<meta property=\"og:locale\" content=\"fr_FR\" \/>\n<meta property=\"og:type\" content=\"article\" \/>\n<meta property=\"og:title\" content=\"Perte de sens au travail et syndrome de la bonne \u00e9l\u00e8ve\" \/>\n<meta property=\"og:description\" content=\"Quand la charge mentale r\u00e9sonne avec le syndrome de la bonne \u00e9l\u00e8ve. Retrouve dans cet article quelques pistes de r\u00e9flexion.\" \/>\n<meta property=\"og:url\" content=\"https:\/\/alicebreemcouty-coachdevie.com\/index.php\/2025\/11\/06\/et-si-le-syndrome-de-la-bonne-eleve-etait-a-lorigine-de-ta-perte-de-sens-au-travail\/\" \/>\n<meta property=\"article:published_time\" content=\"2025-11-06T09:54:35+00:00\" \/>\n<meta property=\"article:modified_time\" content=\"2025-11-06T09:54:36+00:00\" \/>\n<meta property=\"og:image\" content=\"https:\/\/alicebreemcouty-coachdevie.com\/wp-content\/uploads\/2025\/11\/woman-5930702_640.jpg\" \/>\n\t<meta property=\"og:image:width\" content=\"640\" \/>\n\t<meta property=\"og:image:height\" content=\"638\" \/>\n\t<meta property=\"og:image:type\" content=\"image\/jpeg\" \/>\n<meta name=\"author\" content=\"Alice Breem Couty\" \/>\n<meta name=\"twitter:card\" content=\"summary_large_image\" \/>\n<meta name=\"twitter:label1\" content=\"\u00c9crit par\" \/>\n\t<meta name=\"twitter:data1\" content=\"Alice Breem Couty\" \/>\n\t<meta name=\"twitter:label2\" content=\"Dur\u00e9e de lecture estim\u00e9e\" \/>\n\t<meta name=\"twitter:data2\" content=\"4 minutes\" \/>\n<script type=\"application\/ld+json\" class=\"yoast-schema-graph\">{\"@context\":\"https:\\\/\\\/schema.org\",\"@graph\":[{\"@type\":\"Article\",\"@id\":\"https:\\\/\\\/alicebreemcouty-coachdevie.com\\\/index.php\\\/2025\\\/11\\\/06\\\/et-si-le-syndrome-de-la-bonne-eleve-etait-a-lorigine-de-ta-perte-de-sens-au-travail\\\/#article\",\"isPartOf\":{\"@id\":\"https:\\\/\\\/alicebreemcouty-coachdevie.com\\\/index.php\\\/2025\\\/11\\\/06\\\/et-si-le-syndrome-de-la-bonne-eleve-etait-a-lorigine-de-ta-perte-de-sens-au-travail\\\/\"},\"author\":{\"name\":\"Alice Breem Couty\",\"@id\":\"https:\\\/\\\/alicebreemcouty-coachdevie.com\\\/#\\\/schema\\\/person\\\/028f922062b65489b1466e1b299992f9\"},\"headline\":\"Et si le syndrome de la bonne \u00e9l\u00e8ve \u00e9tait \u00e0 l\u2019origine de ta perte de sens au travail ?\",\"datePublished\":\"2025-11-06T09:54:35+00:00\",\"dateModified\":\"2025-11-06T09:54:36+00:00\",\"mainEntityOfPage\":{\"@id\":\"https:\\\/\\\/alicebreemcouty-coachdevie.com\\\/index.php\\\/2025\\\/11\\\/06\\\/et-si-le-syndrome-de-la-bonne-eleve-etait-a-lorigine-de-ta-perte-de-sens-au-travail\\\/\"},\"wordCount\":629,\"publisher\":{\"@id\":\"https:\\\/\\\/alicebreemcouty-coachdevie.com\\\/#\\\/schema\\\/person\\\/028f922062b65489b1466e1b299992f9\"},\"image\":{\"@id\":\"https:\\\/\\\/alicebreemcouty-coachdevie.com\\\/index.php\\\/2025\\\/11\\\/06\\\/et-si-le-syndrome-de-la-bonne-eleve-etait-a-lorigine-de-ta-perte-de-sens-au-travail\\\/#primaryimage\"},\"thumbnailUrl\":\"https:\\\/\\\/alicebreemcouty-coachdevie.com\\\/wp-content\\\/uploads\\\/2025\\\/11\\\/woman-5930702_640.jpg\",\"articleSection\":[\"Articles de Blog\"],\"inLanguage\":\"fr-FR\"},{\"@type\":\"WebPage\",\"@id\":\"https:\\\/\\\/alicebreemcouty-coachdevie.com\\\/index.php\\\/2025\\\/11\\\/06\\\/et-si-le-syndrome-de-la-bonne-eleve-etait-a-lorigine-de-ta-perte-de-sens-au-travail\\\/\",\"url\":\"https:\\\/\\\/alicebreemcouty-coachdevie.com\\\/index.php\\\/2025\\\/11\\\/06\\\/et-si-le-syndrome-de-la-bonne-eleve-etait-a-lorigine-de-ta-perte-de-sens-au-travail\\\/\",\"name\":\"Perte de sens au travail et syndrome de la bonne \u00e9l\u00e8ve\",\"isPartOf\":{\"@id\":\"https:\\\/\\\/alicebreemcouty-coachdevie.com\\\/#website\"},\"primaryImageOfPage\":{\"@id\":\"https:\\\/\\\/alicebreemcouty-coachdevie.com\\\/index.php\\\/2025\\\/11\\\/06\\\/et-si-le-syndrome-de-la-bonne-eleve-etait-a-lorigine-de-ta-perte-de-sens-au-travail\\\/#primaryimage\"},\"image\":{\"@id\":\"https:\\\/\\\/alicebreemcouty-coachdevie.com\\\/index.php\\\/2025\\\/11\\\/06\\\/et-si-le-syndrome-de-la-bonne-eleve-etait-a-lorigine-de-ta-perte-de-sens-au-travail\\\/#primaryimage\"},\"thumbnailUrl\":\"https:\\\/\\\/alicebreemcouty-coachdevie.com\\\/wp-content\\\/uploads\\\/2025\\\/11\\\/woman-5930702_640.jpg\",\"datePublished\":\"2025-11-06T09:54:35+00:00\",\"dateModified\":\"2025-11-06T09:54:36+00:00\",\"description\":\"Quand la charge mentale r\u00e9sonne avec le syndrome de la bonne \u00e9l\u00e8ve. Retrouve dans cet article quelques pistes de r\u00e9flexion.\",\"breadcrumb\":{\"@id\":\"https:\\\/\\\/alicebreemcouty-coachdevie.com\\\/index.php\\\/2025\\\/11\\\/06\\\/et-si-le-syndrome-de-la-bonne-eleve-etait-a-lorigine-de-ta-perte-de-sens-au-travail\\\/#breadcrumb\"},\"inLanguage\":\"fr-FR\",\"potentialAction\":[{\"@type\":\"ReadAction\",\"target\":[\"https:\\\/\\\/alicebreemcouty-coachdevie.com\\\/index.php\\\/2025\\\/11\\\/06\\\/et-si-le-syndrome-de-la-bonne-eleve-etait-a-lorigine-de-ta-perte-de-sens-au-travail\\\/\"]}]},{\"@type\":\"ImageObject\",\"inLanguage\":\"fr-FR\",\"@id\":\"https:\\\/\\\/alicebreemcouty-coachdevie.com\\\/index.php\\\/2025\\\/11\\\/06\\\/et-si-le-syndrome-de-la-bonne-eleve-etait-a-lorigine-de-ta-perte-de-sens-au-travail\\\/#primaryimage\",\"url\":\"https:\\\/\\\/alicebreemcouty-coachdevie.com\\\/wp-content\\\/uploads\\\/2025\\\/11\\\/woman-5930702_640.jpg\",\"contentUrl\":\"https:\\\/\\\/alicebreemcouty-coachdevie.com\\\/wp-content\\\/uploads\\\/2025\\\/11\\\/woman-5930702_640.jpg\",\"width\":640,\"height\":638},{\"@type\":\"BreadcrumbList\",\"@id\":\"https:\\\/\\\/alicebreemcouty-coachdevie.com\\\/index.php\\\/2025\\\/11\\\/06\\\/et-si-le-syndrome-de-la-bonne-eleve-etait-a-lorigine-de-ta-perte-de-sens-au-travail\\\/#breadcrumb\",\"itemListElement\":[{\"@type\":\"ListItem\",\"position\":1,\"name\":\"Accueil\",\"item\":\"https:\\\/\\\/alicebreemcouty-coachdevie.com\\\/\"},{\"@type\":\"ListItem\",\"position\":2,\"name\":\"Et si le syndrome de la bonne \u00e9l\u00e8ve \u00e9tait \u00e0 l\u2019origine de ta perte de sens au travail ?\"}]},{\"@type\":\"WebSite\",\"@id\":\"https:\\\/\\\/alicebreemcouty-coachdevie.com\\\/#website\",\"url\":\"https:\\\/\\\/alicebreemcouty-coachdevie.com\\\/\",\"name\":\"Alice Breem Couty, coach de vie\",\"description\":\"\",\"publisher\":{\"@id\":\"https:\\\/\\\/alicebreemcouty-coachdevie.com\\\/#\\\/schema\\\/person\\\/028f922062b65489b1466e1b299992f9\"},\"potentialAction\":[{\"@type\":\"SearchAction\",\"target\":{\"@type\":\"EntryPoint\",\"urlTemplate\":\"https:\\\/\\\/alicebreemcouty-coachdevie.com\\\/?s={search_term_string}\"},\"query-input\":{\"@type\":\"PropertyValueSpecification\",\"valueRequired\":true,\"valueName\":\"search_term_string\"}}],\"inLanguage\":\"fr-FR\"},{\"@type\":[\"Person\",\"Organization\"],\"@id\":\"https:\\\/\\\/alicebreemcouty-coachdevie.com\\\/#\\\/schema\\\/person\\\/028f922062b65489b1466e1b299992f9\",\"name\":\"Alice Breem Couty\",\"image\":{\"@type\":\"ImageObject\",\"inLanguage\":\"fr-FR\",\"@id\":\"https:\\\/\\\/alicebreemcouty-coachdevie.com\\\/wp-content\\\/uploads\\\/2026\\\/02\\\/cropped-Design-sans-titre-2-1.jpg\",\"url\":\"https:\\\/\\\/alicebreemcouty-coachdevie.com\\\/wp-content\\\/uploads\\\/2026\\\/02\\\/cropped-Design-sans-titre-2-1.jpg\",\"contentUrl\":\"https:\\\/\\\/alicebreemcouty-coachdevie.com\\\/wp-content\\\/uploads\\\/2026\\\/02\\\/cropped-Design-sans-titre-2-1.jpg\",\"width\":1133,\"height\":724,\"caption\":\"Alice Breem Couty\"},\"logo\":{\"@id\":\"https:\\\/\\\/alicebreemcouty-coachdevie.com\\\/wp-content\\\/uploads\\\/2026\\\/02\\\/cropped-Design-sans-titre-2-1.jpg\"},\"sameAs\":[\"http:\\\/\\\/alicebreemcouty-coachdevie.com\"],\"url\":\"https:\\\/\\\/alicebreemcouty-coachdevie.com\\\/index.php\\\/author\\\/admin1920\\\/\"}]}<\/script>\n<!-- \/ Yoast SEO plugin. -->","yoast_head_json":{"title":"Perte de sens au travail et syndrome de la bonne \u00e9l\u00e8ve","description":"Quand la charge mentale r\u00e9sonne avec le syndrome de la bonne \u00e9l\u00e8ve. Retrouve dans cet article quelques pistes de r\u00e9flexion.","robots":{"index":"index","follow":"follow","max-snippet":"max-snippet:-1","max-image-preview":"max-image-preview:large","max-video-preview":"max-video-preview:-1"},"canonical":"https:\/\/alicebreemcouty-coachdevie.com\/index.php\/2025\/11\/06\/et-si-le-syndrome-de-la-bonne-eleve-etait-a-lorigine-de-ta-perte-de-sens-au-travail\/","og_locale":"fr_FR","og_type":"article","og_title":"Perte de sens au travail et syndrome de la bonne \u00e9l\u00e8ve","og_description":"Quand la charge mentale r\u00e9sonne avec le syndrome de la bonne \u00e9l\u00e8ve. Retrouve dans cet article quelques pistes de r\u00e9flexion.","og_url":"https:\/\/alicebreemcouty-coachdevie.com\/index.php\/2025\/11\/06\/et-si-le-syndrome-de-la-bonne-eleve-etait-a-lorigine-de-ta-perte-de-sens-au-travail\/","article_published_time":"2025-11-06T09:54:35+00:00","article_modified_time":"2025-11-06T09:54:36+00:00","og_image":[{"width":640,"height":638,"url":"https:\/\/alicebreemcouty-coachdevie.com\/wp-content\/uploads\/2025\/11\/woman-5930702_640.jpg","type":"image\/jpeg"}],"author":"Alice Breem Couty","twitter_card":"summary_large_image","twitter_misc":{"\u00c9crit par":"Alice Breem Couty","Dur\u00e9e de lecture estim\u00e9e":"4 minutes"},"schema":{"@context":"https:\/\/schema.org","@graph":[{"@type":"Article","@id":"https:\/\/alicebreemcouty-coachdevie.com\/index.php\/2025\/11\/06\/et-si-le-syndrome-de-la-bonne-eleve-etait-a-lorigine-de-ta-perte-de-sens-au-travail\/#article","isPartOf":{"@id":"https:\/\/alicebreemcouty-coachdevie.com\/index.php\/2025\/11\/06\/et-si-le-syndrome-de-la-bonne-eleve-etait-a-lorigine-de-ta-perte-de-sens-au-travail\/"},"author":{"name":"Alice Breem Couty","@id":"https:\/\/alicebreemcouty-coachdevie.com\/#\/schema\/person\/028f922062b65489b1466e1b299992f9"},"headline":"Et si le syndrome de la bonne \u00e9l\u00e8ve \u00e9tait \u00e0 l\u2019origine de ta perte de sens au travail ?","datePublished":"2025-11-06T09:54:35+00:00","dateModified":"2025-11-06T09:54:36+00:00","mainEntityOfPage":{"@id":"https:\/\/alicebreemcouty-coachdevie.com\/index.php\/2025\/11\/06\/et-si-le-syndrome-de-la-bonne-eleve-etait-a-lorigine-de-ta-perte-de-sens-au-travail\/"},"wordCount":629,"publisher":{"@id":"https:\/\/alicebreemcouty-coachdevie.com\/#\/schema\/person\/028f922062b65489b1466e1b299992f9"},"image":{"@id":"https:\/\/alicebreemcouty-coachdevie.com\/index.php\/2025\/11\/06\/et-si-le-syndrome-de-la-bonne-eleve-etait-a-lorigine-de-ta-perte-de-sens-au-travail\/#primaryimage"},"thumbnailUrl":"https:\/\/alicebreemcouty-coachdevie.com\/wp-content\/uploads\/2025\/11\/woman-5930702_640.jpg","articleSection":["Articles de Blog"],"inLanguage":"fr-FR"},{"@type":"WebPage","@id":"https:\/\/alicebreemcouty-coachdevie.com\/index.php\/2025\/11\/06\/et-si-le-syndrome-de-la-bonne-eleve-etait-a-lorigine-de-ta-perte-de-sens-au-travail\/","url":"https:\/\/alicebreemcouty-coachdevie.com\/index.php\/2025\/11\/06\/et-si-le-syndrome-de-la-bonne-eleve-etait-a-lorigine-de-ta-perte-de-sens-au-travail\/","name":"Perte de sens au travail et syndrome de la bonne \u00e9l\u00e8ve","isPartOf":{"@id":"https:\/\/alicebreemcouty-coachdevie.com\/#website"},"primaryImageOfPage":{"@id":"https:\/\/alicebreemcouty-coachdevie.com\/index.php\/2025\/11\/06\/et-si-le-syndrome-de-la-bonne-eleve-etait-a-lorigine-de-ta-perte-de-sens-au-travail\/#primaryimage"},"image":{"@id":"https:\/\/alicebreemcouty-coachdevie.com\/index.php\/2025\/11\/06\/et-si-le-syndrome-de-la-bonne-eleve-etait-a-lorigine-de-ta-perte-de-sens-au-travail\/#primaryimage"},"thumbnailUrl":"https:\/\/alicebreemcouty-coachdevie.com\/wp-content\/uploads\/2025\/11\/woman-5930702_640.jpg","datePublished":"2025-11-06T09:54:35+00:00","dateModified":"2025-11-06T09:54:36+00:00","description":"Quand la charge mentale r\u00e9sonne avec le syndrome de la bonne \u00e9l\u00e8ve. Retrouve dans cet article quelques pistes de r\u00e9flexion.","breadcrumb":{"@id":"https:\/\/alicebreemcouty-coachdevie.com\/index.php\/2025\/11\/06\/et-si-le-syndrome-de-la-bonne-eleve-etait-a-lorigine-de-ta-perte-de-sens-au-travail\/#breadcrumb"},"inLanguage":"fr-FR","potentialAction":[{"@type":"ReadAction","target":["https:\/\/alicebreemcouty-coachdevie.com\/index.php\/2025\/11\/06\/et-si-le-syndrome-de-la-bonne-eleve-etait-a-lorigine-de-ta-perte-de-sens-au-travail\/"]}]},{"@type":"ImageObject","inLanguage":"fr-FR","@id":"https:\/\/alicebreemcouty-coachdevie.com\/index.php\/2025\/11\/06\/et-si-le-syndrome-de-la-bonne-eleve-etait-a-lorigine-de-ta-perte-de-sens-au-travail\/#primaryimage","url":"https:\/\/alicebreemcouty-coachdevie.com\/wp-content\/uploads\/2025\/11\/woman-5930702_640.jpg","contentUrl":"https:\/\/alicebreemcouty-coachdevie.com\/wp-content\/uploads\/2025\/11\/woman-5930702_640.jpg","width":640,"height":638},{"@type":"BreadcrumbList","@id":"https:\/\/alicebreemcouty-coachdevie.com\/index.php\/2025\/11\/06\/et-si-le-syndrome-de-la-bonne-eleve-etait-a-lorigine-de-ta-perte-de-sens-au-travail\/#breadcrumb","itemListElement":[{"@type":"ListItem","position":1,"name":"Accueil","item":"https:\/\/alicebreemcouty-coachdevie.com\/"},{"@type":"ListItem","position":2,"name":"Et si le syndrome de la bonne \u00e9l\u00e8ve \u00e9tait \u00e0 l\u2019origine de ta perte de sens au travail ?"}]},{"@type":"WebSite","@id":"https:\/\/alicebreemcouty-coachdevie.com\/#website","url":"https:\/\/alicebreemcouty-coachdevie.com\/","name":"Alice Breem Couty, coach de vie","description":"","publisher":{"@id":"https:\/\/alicebreemcouty-coachdevie.com\/#\/schema\/person\/028f922062b65489b1466e1b299992f9"},"potentialAction":[{"@type":"SearchAction","target":{"@type":"EntryPoint","urlTemplate":"https:\/\/alicebreemcouty-coachdevie.com\/?s={search_term_string}"},"query-input":{"@type":"PropertyValueSpecification","valueRequired":true,"valueName":"search_term_string"}}],"inLanguage":"fr-FR"},{"@type":["Person","Organization"],"@id":"https:\/\/alicebreemcouty-coachdevie.com\/#\/schema\/person\/028f922062b65489b1466e1b299992f9","name":"Alice Breem Couty","image":{"@type":"ImageObject","inLanguage":"fr-FR","@id":"https:\/\/alicebreemcouty-coachdevie.com\/wp-content\/uploads\/2026\/02\/cropped-Design-sans-titre-2-1.jpg","url":"https:\/\/alicebreemcouty-coachdevie.com\/wp-content\/uploads\/2026\/02\/cropped-Design-sans-titre-2-1.jpg","contentUrl":"https:\/\/alicebreemcouty-coachdevie.com\/wp-content\/uploads\/2026\/02\/cropped-Design-sans-titre-2-1.jpg","width":1133,"height":724,"caption":"Alice Breem Couty"},"logo":{"@id":"https:\/\/alicebreemcouty-coachdevie.com\/wp-content\/uploads\/2026\/02\/cropped-Design-sans-titre-2-1.jpg"},"sameAs":["http:\/\/alicebreemcouty-coachdevie.com"],"url":"https:\/\/alicebreemcouty-coachdevie.com\/index.php\/author\/admin1920\/"}]}},"_links":{"self":[{"href":"https:\/\/alicebreemcouty-coachdevie.com\/index.php\/wp-json\/wp\/v2\/posts\/1048","targetHints":{"allow":["GET"]}}],"collection":[{"href":"https:\/\/alicebreemcouty-coachdevie.com\/index.php\/wp-json\/wp\/v2\/posts"}],"about":[{"href":"https:\/\/alicebreemcouty-coachdevie.com\/index.php\/wp-json\/wp\/v2\/types\/post"}],"author":[{"embeddable":true,"href":"https:\/\/alicebreemcouty-coachdevie.com\/index.php\/wp-json\/wp\/v2\/users\/1"}],"replies":[{"embeddable":true,"href":"https:\/\/alicebreemcouty-coachdevie.com\/index.php\/wp-json\/wp\/v2\/comments?post=1048"}],"version-history":[{"count":2,"href":"https:\/\/alicebreemcouty-coachdevie.com\/index.php\/wp-json\/wp\/v2\/posts\/1048\/revisions"}],"predecessor-version":[{"id":1051,"href":"https:\/\/alicebreemcouty-coachdevie.com\/index.php\/wp-json\/wp\/v2\/posts\/1048\/revisions\/1051"}],"wp:attachment":[{"href":"https:\/\/alicebreemcouty-coachdevie.com\/index.php\/wp-json\/wp\/v2\/media?parent=1048"}],"wp:term":[{"taxonomy":"category","embeddable":true,"href":"https:\/\/alicebreemcouty-coachdevie.com\/index.php\/wp-json\/wp\/v2\/categories?post=1048"},{"taxonomy":"post_tag","embeddable":true,"href":"https:\/\/alicebreemcouty-coachdevie.com\/index.php\/wp-json\/wp\/v2\/tags?post=1048"}],"curies":[{"name":"wp","href":"https:\/\/api.w.org\/{rel}","templated":true}]}}