{"id":1025,"date":"2025-10-14T14:21:01","date_gmt":"2025-10-14T12:21:01","guid":{"rendered":"https:\/\/alicebreemcouty-coachdevie.com\/?p=1025"},"modified":"2025-10-14T14:21:52","modified_gmt":"2025-10-14T12:21:52","slug":"5-croyances-qui-tempechent-detre-epanouie-dans-ton-travail-et-qui-entretiennent-la-perte-de-sens-au-travail","status":"publish","type":"post","link":"https:\/\/alicebreemcouty-coachdevie.com\/index.php\/2025\/10\/14\/5-croyances-qui-tempechent-detre-epanouie-dans-ton-travail-et-qui-entretiennent-la-perte-de-sens-au-travail\/","title":{"rendered":"5 croyances qui t&#8217;emp\u00eachent d&rsquo;\u00eatre \u00e9panouie dans ton travail et qui entretiennent la perte de sens au travail"},"content":{"rendered":"<div class=\"wp-block-image is-style-rounded\">\n<figure class=\"aligncenter size-full is-resized\"><img loading=\"lazy\" decoding=\"async\" width=\"640\" height=\"445\" src=\"https:\/\/alicebreemcouty-coachdevie.com\/wp-content\/uploads\/2025\/10\/ai-generated-9200135_640.jpg\" alt=\"burnout mal-\u00eatre travail\" class=\"wp-image-1026\" style=\"width:416px;height:auto\" srcset=\"https:\/\/alicebreemcouty-coachdevie.com\/wp-content\/uploads\/2025\/10\/ai-generated-9200135_640.jpg 640w, https:\/\/alicebreemcouty-coachdevie.com\/wp-content\/uploads\/2025\/10\/ai-generated-9200135_640-300x209.jpg 300w\" sizes=\"auto, (max-width: 640px) 100vw, 640px\" \/><\/figure>\n<\/div>\n\n\n<hr class=\"wp-block-separator has-text-color has-white-color has-alpha-channel-opacity has-white-background-color has-background\"\/>\n\n\n\n<h2 class=\"wp-block-heading has-text-align-center has-text-color has-link-color has-medium-font-size wp-elements-026ce2d6c7a62c08d12576696a091e3b\" style=\"color:#e7ba3c\"><em><strong>Quand la perte de sens au travail devient un signal int\u00e9rieur<\/strong><\/em><\/h2>\n\n\n\n<p class=\"has-small-font-size\">Tu ressens une <strong>fatigue mentale constante<\/strong>, m\u00eame apr\u00e8s quelques jours de repos ?<br>Tu te demandes si tu es encore \u00e0 ta place dans ton m\u00e9tier ?<br>Ces signaux ne sont pas anodins : ils traduisent souvent une <strong>perte de sens au travail<\/strong> et un <strong>d\u00e9salignement int\u00e9rieur<\/strong>.<\/p>\n\n\n\n<p class=\"has-small-font-size\">En tant que coach de vie, j\u2019accompagne souvent des personnes qui se sentent <strong>\u00e9puis\u00e9es \u00e9motionnellement<\/strong> alors qu\u2019elles \u201cr\u00e9ussissent\u201d sur le papier.<br>Leur vraie difficult\u00e9 n\u2019est pas un manque de comp\u00e9tence, mais la pr\u00e9sence de <strong>croyances limitantes<\/strong> profond\u00e9ment ancr\u00e9es qui sabotent leur <strong>bien-\u00eatre au travail<\/strong> et leur <strong>\u00e9panouissement professionnel<\/strong>.<\/p>\n\n\n\n<p class=\"has-text-align-center has-small-font-size\"><strong>D\u00e9couvre ci-dessous les 5 croyances les plus fr\u00e9quentes<\/strong> et comment t\u2019en lib\u00e9rer pour retrouver <strong>clart\u00e9, \u00e9nergie et alignement professionnel<\/strong>.<\/p>\n\n\n\n<hr class=\"wp-block-separator has-text-color has-white-color has-alpha-channel-opacity has-white-background-color has-background\"\/>\n\n\n\n<h2 class=\"wp-block-heading has-text-color has-link-color has-medium-font-size wp-elements-9f5d8f25f980358dd0b2d3a309a114be\" style=\"color:#e9b937\">1) Je dois plaire \u00e0 tout le monde<\/h2>\n\n\n\n<h3 class=\"wp-block-heading has-text-align-left has-text-color has-link-color has-small-font-size wp-elements-4020d9eb5a6495c0f7896048847830e9\" style=\"color:#bf9319;text-decoration:underline\"><em>Le pi\u00e8ge invisible de la sur adaptation<\/em><\/h3>\n\n\n\n<p class=\"has-small-font-size\">Cette croyance est l\u2019une des principales causes de <strong>surcharge mentale<\/strong>.<br>\u00c0 force de vouloir faire plaisir \u00e0 tout le monde, tu finis par t\u2019oublier.<br>Tu r\u00e9ponds aux attentes de ton entourage professionnel, de ton sup\u00e9rieur ou de tes clients, sans \u00e9couter ce que <strong>toi<\/strong> tu veux vraiment.<\/p>\n\n\n\n<p class=\"has-small-font-size\">Ce besoin de reconnaissance \u00e9puise ton \u00e9nergie et t\u2019emp\u00eache d\u2019\u00eatre <strong>authentique<\/strong>.<br>Peu \u00e0 peu, tu ressens une <strong>perte de sens au travail<\/strong> : tu fais beaucoup, mais tu ne sais plus pourquoi.<\/p>\n\n\n\n<p class=\"has-small-font-size\">\ud83e\udeb6 <strong>Le d\u00e9clic :<\/strong> ton \u00e9panouissement professionnel commence quand tu oses <strong>d\u00e9plaire pour te respecter<\/strong>.<br>C\u2019est le premier pas vers ton <strong>alignement professionnel<\/strong>.<\/p>\n\n\n\n<hr class=\"wp-block-separator has-alpha-channel-opacity is-style-dots\"\/>\n\n\n\n<h2 class=\"wp-block-heading has-text-color has-link-color has-medium-font-size wp-elements-b10900f5c2647e84a79d817bb02779f8\" style=\"color:#e9b937\">2) Le travail doit \u00eatre difficile pour avoir de la valeur<\/h2>\n\n\n\n<h3 class=\"wp-block-heading has-text-color has-link-color has-small-font-size wp-elements-8991945b67596658ad1d7d2a0bf7bd4d\" style=\"color:#bf9319\"><strong><em>Une croyance limitante h\u00e9rit\u00e9e du \u00ab\u00a0travailler dur pour r\u00e9ussir\u00a0\u00bb<\/em><\/strong><\/h3>\n\n\n\n<p class=\"has-small-font-size\">On nous a souvent appris que le m\u00e9rite passait par la souffrance.<br>R\u00e9sultat : tu culpabilises quand ton travail devient fluide, simple, presque agr\u00e9able.<br>Mais crois moi, <strong>le bien-\u00eatre au travail n\u2019est pas un luxe<\/strong>, c\u2019est une condition pour durer.<\/p>\n\n\n\n<p class=\"has-small-font-size\">Les personnes r\u00e9ellement \u00e9panouies sont celles qui s\u2019autorisent \u00e0 faire ce qu\u2019elles aiment, \u00e0 leur rythme, en respectant leurs valeurs.<br>Elles ont compris que la performance durable passe par <strong>l\u2019alignement<\/strong>, pas par la tension.<\/p>\n\n\n\n<p class=\"has-small-font-size\">\ud83c\udf3f <strong>Le d\u00e9clic :<\/strong> tu n\u2019as pas besoin de t\u2019\u00e9puiser pour prouver ta valeur.<br>Ton <strong>travail a de la valeur<\/strong> d\u00e8s lors qu\u2019il t\u2019aligne et contribue \u00e0 ton \u00e9quilibre.<\/p>\n\n\n\n<hr class=\"wp-block-separator has-alpha-channel-opacity is-style-dots\"\/>\n\n\n\n<h2 class=\"wp-block-heading has-text-color has-link-color has-medium-font-size wp-elements-6fb92cb303eeab510957035e469c3ffc\" style=\"color:#e9b937\">3) Si je ralentis, je vais tout perdre<\/h2>\n\n\n\n<h3 class=\"wp-block-heading has-text-color has-link-color has-small-font-size wp-elements-d4aea170b976c6a5991c3e4d4750beb9\" style=\"color:#bf9319\"><em><strong>La peur du vide, ennemi du bien-\u00eatre au travail<\/strong><\/em><\/h3>\n\n\n\n<p class=\"has-small-font-size\">Tu as peur de ralentir, car tu crois que tout s\u2019\u00e9croulera si tu souffles un peu.<br>C\u2019est une croyance typique des personnes perfectionnistes ou en <strong>burn-out latent<\/strong>.<\/p>\n\n\n\n<p class=\"has-small-font-size\">Pourtant, <strong>ralentir<\/strong>, c\u2019est cr\u00e9er de l\u2019espace pour respirer, r\u00e9fl\u00e9chir et ressentir.<br>C\u2019est un acte de <strong>coaching de vie int\u00e9rieure<\/strong> : \u00e9couter ce que ton corps et ton c\u0153ur essaient de te dire.<\/p>\n\n\n\n<p class=\"has-small-font-size\">\u2600\ufe0f <strong>Le d\u00e9clic :<\/strong> ralentir n\u2019est pas une faiblesse, c\u2019est une strat\u00e9gie d\u2019\u00e9quilibre.<br>C\u2019est dans le calme que naissent les vraies d\u00e9cisions, celles qui te rapprochent de ton <strong>\u00e9panouissement professionnel<\/strong>.<\/p>\n\n\n\n<hr class=\"wp-block-separator has-alpha-channel-opacity is-style-dots\"\/>\n\n\n\n<h2 class=\"wp-block-heading has-text-color has-link-color has-medium-font-size wp-elements-78baef94ebad057ff32078b466b9003f\" style=\"color:#e9b937\">4) Je ne suis pas assez comp\u00e9tente pour changer<\/h2>\n\n\n\n<h3 class=\"wp-block-heading has-text-color has-link-color has-small-font-size wp-elements-45623b1010c1b920e19f142e2d055f4b\" style=\"color:#bf9319\"><em><strong>Le frein inconscient \u00e0 la reconversion professionnelle<\/strong><\/em><\/h3>\n\n\n\n<p class=\"has-small-font-size\">Cette croyance limite de nombreuses personnes en <strong>reconversion<\/strong>.<br>Tu r\u00eaves d\u2019autre chose, mais tu doutes : \u201cje ne suis pas pr\u00eat(e)\u201d, \u201cje n\u2019ai pas les bonnes comp\u00e9tences\u201d.<br>En r\u00e9alit\u00e9, tu confonds <strong>pr\u00e9paration<\/strong> et <strong>perfection<\/strong>.<\/p>\n\n\n\n<p class=\"has-small-font-size\">Tu n\u2019as pas besoin d\u2019\u00eatre pr\u00eate pour agir, tu deviens pr\u00eate <strong>en passant \u00e0 l\u2019action<\/strong>.<br>C\u2019est exactement ce que j\u2019observe dans mes accompagnements de <strong>coaching de vie<\/strong> : la confiance se construit au fur et \u00e0 mesure des petits pas.<\/p>\n\n\n\n<p class=\"has-small-font-size\">\ud83c\udf38 <strong>Le d\u00e9clic :<\/strong> ose avancer m\u00eame si tout n\u2019est pas clair.<br>La clart\u00e9 vient de l\u2019exp\u00e9rience, pas de la r\u00e9flexion infinie.<\/p>\n\n\n\n<hr class=\"wp-block-separator has-alpha-channel-opacity is-style-dots\"\/>\n\n\n\n<h2 class=\"wp-block-heading has-text-color has-link-color has-medium-font-size wp-elements-d94f1aca9ebfca6745adcf56c747165e\" style=\"color:#e9b937\">5) Je n&rsquo;ai pas le droit de me tromper<\/h2>\n\n\n\n<h3 class=\"wp-block-heading has-text-color has-link-color has-small-font-size wp-elements-322f720a1cdf42504b9d7558bb5c9c3b\" style=\"color:#bf9319\"><strong><em>La croyance qui emp\u00eache d&rsquo;apprendre et de s&rsquo;\u00e9panouir<\/em><\/strong><\/h3>\n\n\n\n<p class=\"has-small-font-size\">Tu veux bien faire, \u00e9viter l\u2019\u00e9chec, \u00eatre irr\u00e9prochable.<br>Mais cette peur de te tromper t\u2019emp\u00eache de cr\u00e9er, d\u2019innover, de bouger.<br>Elle t\u2019enferme dans une <strong>immobilit\u00e9 d\u00e9guis\u00e9e en prudence<\/strong>.<\/p>\n\n\n\n<p class=\"has-small-font-size\">Et si tu regardais l\u2019erreur autrement ?<br>Chaque essai est une \u00e9tape vers plus de justesse, plus d\u2019alignement, plus de sens.<br>L\u2019\u00e9panouissement professionnel na\u00eet de cette libert\u00e9 d\u2019exp\u00e9rimenter.<\/p>\n\n\n\n<p class=\"has-small-font-size\">\ud83c\udf3c <strong>Le d\u00e9clic :<\/strong> l\u2019erreur n\u2019est pas un \u00e9chec, c\u2019est un apprentissage.<br>Chaque tentative te rapproche de ton <strong>bien-\u00eatre au travail<\/strong>.<\/p>\n\n\n\n<hr class=\"wp-block-separator has-text-color has-white-color has-alpha-channel-opacity has-white-background-color has-background\"\/>\n\n\n\n<p class=\"has-text-align-center has-small-font-size\">Ces croyances limitantes ne sont pas toi, elles sont des m\u00e9canismes de protection devenus obsol\u00e8tes.<br>Pour sortir de la <strong>surcharge mentale<\/strong> et retrouver ton <strong>alignement professionnel<\/strong>, le premier pas est de les identifier, puis de les transformer.<\/p>\n\n\n\n<p class=\"has-text-align-center has-small-font-size\">Chaque fois que tu choisis la bienveillance envers toi-m\u00eame, tu t\u2019autorises \u00e0 avancer vers une <strong>vie professionnelle plus \u00e9quilibr\u00e9e, plus claire et plus align\u00e9e avec tes valeurs.<\/strong><\/p>\n\n\n\n<hr class=\"wp-block-separator has-alpha-channel-opacity is-style-dots\"\/>\n\n\n\n<p class=\"has-small-font-size\">Tu te reconnais dans ces croyances ?<br>Tu ressens cette <strong>perte de sens au travail<\/strong> et tu veux retrouver ton <strong>\u00e9nergie, ton \u00e9quilibre et ta clart\u00e9<\/strong> ?<\/p>\n\n\n\n<p class=\"has-small-font-size\">\ud83c\udfaf Je t\u2019offre une <strong>s\u00e9ance d\u00e9couverte de 30 minutes<\/strong> pour :<\/p>\n\n\n\n<ul class=\"wp-block-list\">\n<li class=\"has-small-font-size\">Identifier les croyances qui t\u2019\u00e9puisent,<\/li>\n\n\n\n<li class=\"has-small-font-size\">Comprendre ce qui cr\u00e9e ta surcharge mentale,<\/li>\n\n\n\n<li class=\"has-small-font-size\">Poser les premi\u00e8res actions vers ton <strong>\u00e9panouissement professionnel<\/strong>.<\/li>\n<\/ul>\n\n\n\n<hr class=\"wp-block-separator has-text-color has-white-color has-alpha-channel-opacity has-white-background-color has-background\"\/>\n\n\n\n<div class=\"wp-block-buttons is-content-justification-center is-layout-flex wp-container-core-buttons-is-layout-16018d1d wp-block-buttons-is-layout-flex\">\n<div class=\"wp-block-button is-style-outline is-style-outline--1\"><a class=\"wp-block-button__link has-text-color has-link-color has-text-align-center wp-element-button\" style=\"color:#bf9319\">R\u00e9serve ton appel ici<\/a><\/div>\n<\/div>\n\n\n\n<hr class=\"wp-block-separator has-text-color has-white-color has-alpha-channel-opacity has-white-background-color has-background\"\/>\n\n\n\n<hr class=\"wp-block-separator has-text-color has-white-color has-alpha-channel-opacity has-white-background-color has-background\"\/>\n","protected":false},"excerpt":{"rendered":"<p>Quand la perte de sens au travail devient un signal int\u00e9rieur Tu ressens une fatigue mentale constante, m\u00eame apr\u00e8s quelques jours de repos ?Tu te demandes si tu es encore \u00e0 ta place dans ton m\u00e9tier ?Ces signaux ne sont pas anodins : ils traduisent souvent une perte de sens au travail et un d\u00e9salignement [&hellip;]<\/p>\n","protected":false},"author":1,"featured_media":0,"comment_status":"closed","ping_status":"closed","sticky":false,"template":"","format":"standard","meta":{"footnotes":""},"categories":[4,1],"tags":[],"class_list":["post-1025","post","type-post","status-publish","format-standard","hentry","category-coaching-de-vie-articles-de-blog","category-non-classe"],"yoast_head":"<!-- This site is optimized with the Yoast SEO plugin v27.5 - https:\/\/yoast.com\/product\/yoast-seo-wordpress\/ -->\n<title>Perte de sens au travail<\/title>\n<meta name=\"description\" content=\"D\u00e9couvrez les 5 croyances limitantes qui entretiennent la surcharge mentale et la perte de sens au travail.\" \/>\n<meta name=\"robots\" content=\"index, follow, max-snippet:-1, max-image-preview:large, max-video-preview:-1\" \/>\n<link rel=\"canonical\" href=\"https:\/\/alicebreemcouty-coachdevie.com\/index.php\/2025\/10\/14\/5-croyances-qui-tempechent-detre-epanouie-dans-ton-travail-et-qui-entretiennent-la-perte-de-sens-au-travail\/\" \/>\n<meta property=\"og:locale\" content=\"fr_FR\" \/>\n<meta property=\"og:type\" content=\"article\" \/>\n<meta property=\"og:title\" content=\"Perte de sens au travail\" \/>\n<meta property=\"og:description\" content=\"D\u00e9couvrez les 5 croyances limitantes qui entretiennent la surcharge mentale et la perte de sens au travail.\" \/>\n<meta property=\"og:url\" content=\"https:\/\/alicebreemcouty-coachdevie.com\/index.php\/2025\/10\/14\/5-croyances-qui-tempechent-detre-epanouie-dans-ton-travail-et-qui-entretiennent-la-perte-de-sens-au-travail\/\" \/>\n<meta property=\"article:published_time\" content=\"2025-10-14T12:21:01+00:00\" \/>\n<meta property=\"article:modified_time\" content=\"2025-10-14T12:21:52+00:00\" \/>\n<meta property=\"og:image\" content=\"https:\/\/alicebreemcouty-coachdevie.com\/wp-content\/uploads\/2025\/10\/ai-generated-9200135_640.jpg\" \/>\n\t<meta property=\"og:image:width\" content=\"640\" \/>\n\t<meta property=\"og:image:height\" content=\"445\" \/>\n\t<meta property=\"og:image:type\" content=\"image\/jpeg\" \/>\n<meta name=\"author\" content=\"Alice Breem Couty\" \/>\n<meta name=\"twitter:card\" content=\"summary_large_image\" \/>\n<meta name=\"twitter:label1\" content=\"\u00c9crit par\" \/>\n\t<meta name=\"twitter:data1\" content=\"Alice Breem Couty\" \/>\n\t<meta name=\"twitter:label2\" content=\"Dur\u00e9e de lecture estim\u00e9e\" \/>\n\t<meta name=\"twitter:data2\" content=\"5 minutes\" \/>\n<script type=\"application\/ld+json\" class=\"yoast-schema-graph\">{\"@context\":\"https:\\\/\\\/schema.org\",\"@graph\":[{\"@type\":\"Article\",\"@id\":\"https:\\\/\\\/alicebreemcouty-coachdevie.com\\\/index.php\\\/2025\\\/10\\\/14\\\/5-croyances-qui-tempechent-detre-epanouie-dans-ton-travail-et-qui-entretiennent-la-perte-de-sens-au-travail\\\/#article\",\"isPartOf\":{\"@id\":\"https:\\\/\\\/alicebreemcouty-coachdevie.com\\\/index.php\\\/2025\\\/10\\\/14\\\/5-croyances-qui-tempechent-detre-epanouie-dans-ton-travail-et-qui-entretiennent-la-perte-de-sens-au-travail\\\/\"},\"author\":{\"name\":\"Alice Breem Couty\",\"@id\":\"https:\\\/\\\/alicebreemcouty-coachdevie.com\\\/#\\\/schema\\\/person\\\/028f922062b65489b1466e1b299992f9\"},\"headline\":\"5 croyances qui t&#8217;emp\u00eachent d&rsquo;\u00eatre \u00e9panouie dans ton travail et qui entretiennent la perte de sens au travail\",\"datePublished\":\"2025-10-14T12:21:01+00:00\",\"dateModified\":\"2025-10-14T12:21:52+00:00\",\"mainEntityOfPage\":{\"@id\":\"https:\\\/\\\/alicebreemcouty-coachdevie.com\\\/index.php\\\/2025\\\/10\\\/14\\\/5-croyances-qui-tempechent-detre-epanouie-dans-ton-travail-et-qui-entretiennent-la-perte-de-sens-au-travail\\\/\"},\"wordCount\":908,\"publisher\":{\"@id\":\"https:\\\/\\\/alicebreemcouty-coachdevie.com\\\/#\\\/schema\\\/person\\\/028f922062b65489b1466e1b299992f9\"},\"image\":{\"@id\":\"https:\\\/\\\/alicebreemcouty-coachdevie.com\\\/index.php\\\/2025\\\/10\\\/14\\\/5-croyances-qui-tempechent-detre-epanouie-dans-ton-travail-et-qui-entretiennent-la-perte-de-sens-au-travail\\\/#primaryimage\"},\"thumbnailUrl\":\"https:\\\/\\\/alicebreemcouty-coachdevie.com\\\/wp-content\\\/uploads\\\/2025\\\/10\\\/ai-generated-9200135_640.jpg\",\"articleSection\":[\"Articles de Blog\"],\"inLanguage\":\"fr-FR\"},{\"@type\":\"WebPage\",\"@id\":\"https:\\\/\\\/alicebreemcouty-coachdevie.com\\\/index.php\\\/2025\\\/10\\\/14\\\/5-croyances-qui-tempechent-detre-epanouie-dans-ton-travail-et-qui-entretiennent-la-perte-de-sens-au-travail\\\/\",\"url\":\"https:\\\/\\\/alicebreemcouty-coachdevie.com\\\/index.php\\\/2025\\\/10\\\/14\\\/5-croyances-qui-tempechent-detre-epanouie-dans-ton-travail-et-qui-entretiennent-la-perte-de-sens-au-travail\\\/\",\"name\":\"Perte de sens au travail\",\"isPartOf\":{\"@id\":\"https:\\\/\\\/alicebreemcouty-coachdevie.com\\\/#website\"},\"primaryImageOfPage\":{\"@id\":\"https:\\\/\\\/alicebreemcouty-coachdevie.com\\\/index.php\\\/2025\\\/10\\\/14\\\/5-croyances-qui-tempechent-detre-epanouie-dans-ton-travail-et-qui-entretiennent-la-perte-de-sens-au-travail\\\/#primaryimage\"},\"image\":{\"@id\":\"https:\\\/\\\/alicebreemcouty-coachdevie.com\\\/index.php\\\/2025\\\/10\\\/14\\\/5-croyances-qui-tempechent-detre-epanouie-dans-ton-travail-et-qui-entretiennent-la-perte-de-sens-au-travail\\\/#primaryimage\"},\"thumbnailUrl\":\"https:\\\/\\\/alicebreemcouty-coachdevie.com\\\/wp-content\\\/uploads\\\/2025\\\/10\\\/ai-generated-9200135_640.jpg\",\"datePublished\":\"2025-10-14T12:21:01+00:00\",\"dateModified\":\"2025-10-14T12:21:52+00:00\",\"description\":\"D\u00e9couvrez les 5 croyances limitantes qui entretiennent la surcharge mentale et la perte de sens au travail.\",\"breadcrumb\":{\"@id\":\"https:\\\/\\\/alicebreemcouty-coachdevie.com\\\/index.php\\\/2025\\\/10\\\/14\\\/5-croyances-qui-tempechent-detre-epanouie-dans-ton-travail-et-qui-entretiennent-la-perte-de-sens-au-travail\\\/#breadcrumb\"},\"inLanguage\":\"fr-FR\",\"potentialAction\":[{\"@type\":\"ReadAction\",\"target\":[\"https:\\\/\\\/alicebreemcouty-coachdevie.com\\\/index.php\\\/2025\\\/10\\\/14\\\/5-croyances-qui-tempechent-detre-epanouie-dans-ton-travail-et-qui-entretiennent-la-perte-de-sens-au-travail\\\/\"]}]},{\"@type\":\"ImageObject\",\"inLanguage\":\"fr-FR\",\"@id\":\"https:\\\/\\\/alicebreemcouty-coachdevie.com\\\/index.php\\\/2025\\\/10\\\/14\\\/5-croyances-qui-tempechent-detre-epanouie-dans-ton-travail-et-qui-entretiennent-la-perte-de-sens-au-travail\\\/#primaryimage\",\"url\":\"https:\\\/\\\/alicebreemcouty-coachdevie.com\\\/wp-content\\\/uploads\\\/2025\\\/10\\\/ai-generated-9200135_640.jpg\",\"contentUrl\":\"https:\\\/\\\/alicebreemcouty-coachdevie.com\\\/wp-content\\\/uploads\\\/2025\\\/10\\\/ai-generated-9200135_640.jpg\",\"width\":640,\"height\":445},{\"@type\":\"BreadcrumbList\",\"@id\":\"https:\\\/\\\/alicebreemcouty-coachdevie.com\\\/index.php\\\/2025\\\/10\\\/14\\\/5-croyances-qui-tempechent-detre-epanouie-dans-ton-travail-et-qui-entretiennent-la-perte-de-sens-au-travail\\\/#breadcrumb\",\"itemListElement\":[{\"@type\":\"ListItem\",\"position\":1,\"name\":\"Accueil\",\"item\":\"https:\\\/\\\/alicebreemcouty-coachdevie.com\\\/\"},{\"@type\":\"ListItem\",\"position\":2,\"name\":\"5 croyances qui t&#8217;emp\u00eachent d&rsquo;\u00eatre \u00e9panouie dans ton travail et qui entretiennent la perte de sens au travail\"}]},{\"@type\":\"WebSite\",\"@id\":\"https:\\\/\\\/alicebreemcouty-coachdevie.com\\\/#website\",\"url\":\"https:\\\/\\\/alicebreemcouty-coachdevie.com\\\/\",\"name\":\"Alice Breem Couty, coach de vie\",\"description\":\"\",\"publisher\":{\"@id\":\"https:\\\/\\\/alicebreemcouty-coachdevie.com\\\/#\\\/schema\\\/person\\\/028f922062b65489b1466e1b299992f9\"},\"potentialAction\":[{\"@type\":\"SearchAction\",\"target\":{\"@type\":\"EntryPoint\",\"urlTemplate\":\"https:\\\/\\\/alicebreemcouty-coachdevie.com\\\/?s={search_term_string}\"},\"query-input\":{\"@type\":\"PropertyValueSpecification\",\"valueRequired\":true,\"valueName\":\"search_term_string\"}}],\"inLanguage\":\"fr-FR\"},{\"@type\":[\"Person\",\"Organization\"],\"@id\":\"https:\\\/\\\/alicebreemcouty-coachdevie.com\\\/#\\\/schema\\\/person\\\/028f922062b65489b1466e1b299992f9\",\"name\":\"Alice Breem Couty\",\"image\":{\"@type\":\"ImageObject\",\"inLanguage\":\"fr-FR\",\"@id\":\"https:\\\/\\\/alicebreemcouty-coachdevie.com\\\/wp-content\\\/uploads\\\/2026\\\/02\\\/cropped-Design-sans-titre-2-1.jpg\",\"url\":\"https:\\\/\\\/alicebreemcouty-coachdevie.com\\\/wp-content\\\/uploads\\\/2026\\\/02\\\/cropped-Design-sans-titre-2-1.jpg\",\"contentUrl\":\"https:\\\/\\\/alicebreemcouty-coachdevie.com\\\/wp-content\\\/uploads\\\/2026\\\/02\\\/cropped-Design-sans-titre-2-1.jpg\",\"width\":1133,\"height\":724,\"caption\":\"Alice Breem Couty\"},\"logo\":{\"@id\":\"https:\\\/\\\/alicebreemcouty-coachdevie.com\\\/wp-content\\\/uploads\\\/2026\\\/02\\\/cropped-Design-sans-titre-2-1.jpg\"},\"sameAs\":[\"http:\\\/\\\/alicebreemcouty-coachdevie.com\"],\"url\":\"https:\\\/\\\/alicebreemcouty-coachdevie.com\\\/index.php\\\/author\\\/admin1920\\\/\"}]}<\/script>\n<!-- \/ Yoast SEO plugin. -->","yoast_head_json":{"title":"Perte de sens au travail","description":"D\u00e9couvrez les 5 croyances limitantes qui entretiennent la surcharge mentale et la perte de sens au travail.","robots":{"index":"index","follow":"follow","max-snippet":"max-snippet:-1","max-image-preview":"max-image-preview:large","max-video-preview":"max-video-preview:-1"},"canonical":"https:\/\/alicebreemcouty-coachdevie.com\/index.php\/2025\/10\/14\/5-croyances-qui-tempechent-detre-epanouie-dans-ton-travail-et-qui-entretiennent-la-perte-de-sens-au-travail\/","og_locale":"fr_FR","og_type":"article","og_title":"Perte de sens au travail","og_description":"D\u00e9couvrez les 5 croyances limitantes qui entretiennent la surcharge mentale et la perte de sens au travail.","og_url":"https:\/\/alicebreemcouty-coachdevie.com\/index.php\/2025\/10\/14\/5-croyances-qui-tempechent-detre-epanouie-dans-ton-travail-et-qui-entretiennent-la-perte-de-sens-au-travail\/","article_published_time":"2025-10-14T12:21:01+00:00","article_modified_time":"2025-10-14T12:21:52+00:00","og_image":[{"width":640,"height":445,"url":"https:\/\/alicebreemcouty-coachdevie.com\/wp-content\/uploads\/2025\/10\/ai-generated-9200135_640.jpg","type":"image\/jpeg"}],"author":"Alice Breem Couty","twitter_card":"summary_large_image","twitter_misc":{"\u00c9crit par":"Alice Breem Couty","Dur\u00e9e de lecture estim\u00e9e":"5 minutes"},"schema":{"@context":"https:\/\/schema.org","@graph":[{"@type":"Article","@id":"https:\/\/alicebreemcouty-coachdevie.com\/index.php\/2025\/10\/14\/5-croyances-qui-tempechent-detre-epanouie-dans-ton-travail-et-qui-entretiennent-la-perte-de-sens-au-travail\/#article","isPartOf":{"@id":"https:\/\/alicebreemcouty-coachdevie.com\/index.php\/2025\/10\/14\/5-croyances-qui-tempechent-detre-epanouie-dans-ton-travail-et-qui-entretiennent-la-perte-de-sens-au-travail\/"},"author":{"name":"Alice Breem Couty","@id":"https:\/\/alicebreemcouty-coachdevie.com\/#\/schema\/person\/028f922062b65489b1466e1b299992f9"},"headline":"5 croyances qui t&#8217;emp\u00eachent d&rsquo;\u00eatre \u00e9panouie dans ton travail et qui entretiennent la perte de sens au travail","datePublished":"2025-10-14T12:21:01+00:00","dateModified":"2025-10-14T12:21:52+00:00","mainEntityOfPage":{"@id":"https:\/\/alicebreemcouty-coachdevie.com\/index.php\/2025\/10\/14\/5-croyances-qui-tempechent-detre-epanouie-dans-ton-travail-et-qui-entretiennent-la-perte-de-sens-au-travail\/"},"wordCount":908,"publisher":{"@id":"https:\/\/alicebreemcouty-coachdevie.com\/#\/schema\/person\/028f922062b65489b1466e1b299992f9"},"image":{"@id":"https:\/\/alicebreemcouty-coachdevie.com\/index.php\/2025\/10\/14\/5-croyances-qui-tempechent-detre-epanouie-dans-ton-travail-et-qui-entretiennent-la-perte-de-sens-au-travail\/#primaryimage"},"thumbnailUrl":"https:\/\/alicebreemcouty-coachdevie.com\/wp-content\/uploads\/2025\/10\/ai-generated-9200135_640.jpg","articleSection":["Articles de Blog"],"inLanguage":"fr-FR"},{"@type":"WebPage","@id":"https:\/\/alicebreemcouty-coachdevie.com\/index.php\/2025\/10\/14\/5-croyances-qui-tempechent-detre-epanouie-dans-ton-travail-et-qui-entretiennent-la-perte-de-sens-au-travail\/","url":"https:\/\/alicebreemcouty-coachdevie.com\/index.php\/2025\/10\/14\/5-croyances-qui-tempechent-detre-epanouie-dans-ton-travail-et-qui-entretiennent-la-perte-de-sens-au-travail\/","name":"Perte de sens au travail","isPartOf":{"@id":"https:\/\/alicebreemcouty-coachdevie.com\/#website"},"primaryImageOfPage":{"@id":"https:\/\/alicebreemcouty-coachdevie.com\/index.php\/2025\/10\/14\/5-croyances-qui-tempechent-detre-epanouie-dans-ton-travail-et-qui-entretiennent-la-perte-de-sens-au-travail\/#primaryimage"},"image":{"@id":"https:\/\/alicebreemcouty-coachdevie.com\/index.php\/2025\/10\/14\/5-croyances-qui-tempechent-detre-epanouie-dans-ton-travail-et-qui-entretiennent-la-perte-de-sens-au-travail\/#primaryimage"},"thumbnailUrl":"https:\/\/alicebreemcouty-coachdevie.com\/wp-content\/uploads\/2025\/10\/ai-generated-9200135_640.jpg","datePublished":"2025-10-14T12:21:01+00:00","dateModified":"2025-10-14T12:21:52+00:00","description":"D\u00e9couvrez les 5 croyances limitantes qui entretiennent la surcharge mentale et la perte de sens au travail.","breadcrumb":{"@id":"https:\/\/alicebreemcouty-coachdevie.com\/index.php\/2025\/10\/14\/5-croyances-qui-tempechent-detre-epanouie-dans-ton-travail-et-qui-entretiennent-la-perte-de-sens-au-travail\/#breadcrumb"},"inLanguage":"fr-FR","potentialAction":[{"@type":"ReadAction","target":["https:\/\/alicebreemcouty-coachdevie.com\/index.php\/2025\/10\/14\/5-croyances-qui-tempechent-detre-epanouie-dans-ton-travail-et-qui-entretiennent-la-perte-de-sens-au-travail\/"]}]},{"@type":"ImageObject","inLanguage":"fr-FR","@id":"https:\/\/alicebreemcouty-coachdevie.com\/index.php\/2025\/10\/14\/5-croyances-qui-tempechent-detre-epanouie-dans-ton-travail-et-qui-entretiennent-la-perte-de-sens-au-travail\/#primaryimage","url":"https:\/\/alicebreemcouty-coachdevie.com\/wp-content\/uploads\/2025\/10\/ai-generated-9200135_640.jpg","contentUrl":"https:\/\/alicebreemcouty-coachdevie.com\/wp-content\/uploads\/2025\/10\/ai-generated-9200135_640.jpg","width":640,"height":445},{"@type":"BreadcrumbList","@id":"https:\/\/alicebreemcouty-coachdevie.com\/index.php\/2025\/10\/14\/5-croyances-qui-tempechent-detre-epanouie-dans-ton-travail-et-qui-entretiennent-la-perte-de-sens-au-travail\/#breadcrumb","itemListElement":[{"@type":"ListItem","position":1,"name":"Accueil","item":"https:\/\/alicebreemcouty-coachdevie.com\/"},{"@type":"ListItem","position":2,"name":"5 croyances qui t&#8217;emp\u00eachent d&rsquo;\u00eatre \u00e9panouie dans ton travail et qui entretiennent la perte de sens au travail"}]},{"@type":"WebSite","@id":"https:\/\/alicebreemcouty-coachdevie.com\/#website","url":"https:\/\/alicebreemcouty-coachdevie.com\/","name":"Alice Breem Couty, coach de vie","description":"","publisher":{"@id":"https:\/\/alicebreemcouty-coachdevie.com\/#\/schema\/person\/028f922062b65489b1466e1b299992f9"},"potentialAction":[{"@type":"SearchAction","target":{"@type":"EntryPoint","urlTemplate":"https:\/\/alicebreemcouty-coachdevie.com\/?s={search_term_string}"},"query-input":{"@type":"PropertyValueSpecification","valueRequired":true,"valueName":"search_term_string"}}],"inLanguage":"fr-FR"},{"@type":["Person","Organization"],"@id":"https:\/\/alicebreemcouty-coachdevie.com\/#\/schema\/person\/028f922062b65489b1466e1b299992f9","name":"Alice Breem Couty","image":{"@type":"ImageObject","inLanguage":"fr-FR","@id":"https:\/\/alicebreemcouty-coachdevie.com\/wp-content\/uploads\/2026\/02\/cropped-Design-sans-titre-2-1.jpg","url":"https:\/\/alicebreemcouty-coachdevie.com\/wp-content\/uploads\/2026\/02\/cropped-Design-sans-titre-2-1.jpg","contentUrl":"https:\/\/alicebreemcouty-coachdevie.com\/wp-content\/uploads\/2026\/02\/cropped-Design-sans-titre-2-1.jpg","width":1133,"height":724,"caption":"Alice Breem Couty"},"logo":{"@id":"https:\/\/alicebreemcouty-coachdevie.com\/wp-content\/uploads\/2026\/02\/cropped-Design-sans-titre-2-1.jpg"},"sameAs":["http:\/\/alicebreemcouty-coachdevie.com"],"url":"https:\/\/alicebreemcouty-coachdevie.com\/index.php\/author\/admin1920\/"}]}},"_links":{"self":[{"href":"https:\/\/alicebreemcouty-coachdevie.com\/index.php\/wp-json\/wp\/v2\/posts\/1025","targetHints":{"allow":["GET"]}}],"collection":[{"href":"https:\/\/alicebreemcouty-coachdevie.com\/index.php\/wp-json\/wp\/v2\/posts"}],"about":[{"href":"https:\/\/alicebreemcouty-coachdevie.com\/index.php\/wp-json\/wp\/v2\/types\/post"}],"author":[{"embeddable":true,"href":"https:\/\/alicebreemcouty-coachdevie.com\/index.php\/wp-json\/wp\/v2\/users\/1"}],"replies":[{"embeddable":true,"href":"https:\/\/alicebreemcouty-coachdevie.com\/index.php\/wp-json\/wp\/v2\/comments?post=1025"}],"version-history":[{"count":4,"href":"https:\/\/alicebreemcouty-coachdevie.com\/index.php\/wp-json\/wp\/v2\/posts\/1025\/revisions"}],"predecessor-version":[{"id":1030,"href":"https:\/\/alicebreemcouty-coachdevie.com\/index.php\/wp-json\/wp\/v2\/posts\/1025\/revisions\/1030"}],"wp:attachment":[{"href":"https:\/\/alicebreemcouty-coachdevie.com\/index.php\/wp-json\/wp\/v2\/media?parent=1025"}],"wp:term":[{"taxonomy":"category","embeddable":true,"href":"https:\/\/alicebreemcouty-coachdevie.com\/index.php\/wp-json\/wp\/v2\/categories?post=1025"},{"taxonomy":"post_tag","embeddable":true,"href":"https:\/\/alicebreemcouty-coachdevie.com\/index.php\/wp-json\/wp\/v2\/tags?post=1025"}],"curies":[{"name":"wp","href":"https:\/\/api.w.org\/{rel}","templated":true}]}}